{"id":90096,"date":"2023-08-07T17:27:39","date_gmt":"2023-08-07T17:27:39","guid":{"rendered":"https:\/\/sertv.gob.pa\/nacionalfm\/?p=90096"},"modified":"2023-08-07T17:27:39","modified_gmt":"2023-08-07T17:27:39","slug":"mueren-13-haitianos-al-caer-el-vehiculo-en-un-canal-de-riego-en-republica-dominicana","status":"publish","type":"post","link":"https:\/\/sertv.gob.pa\/nacionalfm\/mueren-13-haitianos-al-caer-el-vehiculo-en-un-canal-de-riego-en-republica-dominicana\/","title":{"rendered":"Mueren 13 haitianos al caer el veh\u00edculo en un canal de riego en Rep\u00fablica Dominicana"},"content":{"rendered":"<p><strong><em>Santo Domingo (EFE).<\/em><\/strong>&#8211; Trece haitianos murieron anoche, luego de que el veh\u00edculo que los transportaba clandestinamente cayera en un canal de riego en la provincia Valverde, noreste de la Rep\u00fablica Dominicana, inform\u00f3 la Polic\u00eda Nacional.<\/p>\n<p>Los fallecidos son nueve hombres, dos mujeres y dos ni\u00f1as, dijo a EFE, el portavoz de la Polic\u00eda, Diego Pesqueira.<\/p>\n<p>Todos ocupaban un veh\u00edculo todoterreno que se desliz\u00f3 alrededor de las 23.30 hora local del domingo y cay\u00f3 en un canal de riego en la localidad La Pe\u00f1uela, en Valverde, provincia fronteriza con Hait\u00ed, un hecho bajo investigaci\u00f3n.<\/p>\n<p>Hasta el momento, de acuerdo con Pesqueira, solo cuatro de los trece fallecidos han sido identificados.<\/p>\n<p>&nbsp;<\/p>\n","protected":false},"excerpt":{"rendered":"<p>Santo Domingo (EFE).&#8211; Trece haitianos murieron anoche, luego de que <a href=\"https:\/\/sertv.gob.pa\/nacionalfm\/mueren-13-haitianos-al-caer-el-vehiculo-en-un-canal-de-riego-en-republica-dominicana\/\"> [&#8230;]<\/a><\/p>\n","protected":false},"author":9,"featured_media":90097,"comment_status":"closed","ping_status":"closed","sticky":false,"template":"","format":"standard","meta":{"footnotes":""},"categories":[3],"tags":[],"class_list":["post-90096","post","type-post","status-publish","format-standard","has-post-thumbnail","hentry","category-internacionales"],"_links":{"self":[{"href":"https:\/\/sertv.gob.pa\/nacionalfm\/wp-json\/wp\/v2\/posts\/90096","targetHints":{"allow":["GET"]}}],"collection":[{"href":"https:\/\/sertv.gob.pa\/nacionalfm\/wp-json\/wp\/v2\/posts"}],"about":[{"href":"https:\/\/sertv.gob.pa\/nacionalfm\/wp-json\/wp\/v2\/types\/post"}],"author":[{"embeddable":true,"href":"https:\/\/sertv.gob.pa\/nacionalfm\/wp-json\/wp\/v2\/users\/9"}],"replies":[{"embeddable":true,"href":"https:\/\/sertv.gob.pa\/nacionalfm\/wp-json\/wp\/v2\/comments?post=90096"}],"version-history":[{"count":1,"href":"https:\/\/sertv.gob.pa\/nacionalfm\/wp-json\/wp\/v2\/posts\/90096\/revisions"}],"predecessor-version":[{"id":90099,"href":"https:\/\/sertv.gob.pa\/nacionalfm\/wp-json\/wp\/v2\/posts\/90096\/revisions\/90099"}],"wp:featuredmedia":[{"embeddable":true,"href":"https:\/\/sertv.gob.pa\/nacionalfm\/wp-json\/wp\/v2\/media\/90097"}],"wp:attachment":[{"href":"https:\/\/sertv.gob.pa\/nacionalfm\/wp-json\/wp\/v2\/media?parent=90096"}],"wp:term":[{"taxonomy":"category","embeddable":true,"href":"https:\/\/sertv.gob.pa\/nacionalfm\/wp-json\/wp\/v2\/categories?post=90096"},{"taxonomy":"post_tag","embeddable":true,"href":"https:\/\/sertv.gob.pa\/nacionalfm\/wp-json\/wp\/v2\/tags?post=90096"}],"curies":[{"name":"wp","href":"https:\/\/api.w.org\/{rel}","templated":true}]}}