{"id":90100,"date":"2023-08-07T18:00:30","date_gmt":"2023-08-07T18:00:30","guid":{"rendered":"https:\/\/sertv.gob.pa\/nacionalfm\/?p=90100"},"modified":"2023-08-07T18:00:30","modified_gmt":"2023-08-07T18:00:30","slug":"el-papa-reitera-la-tolerancia-cero-a-los-abusos-en-la-iglesia-y-defiende-la-apertura-a-los-homosexuales","status":"publish","type":"post","link":"https:\/\/sertv.gob.pa\/nacionalfm\/el-papa-reitera-la-tolerancia-cero-a-los-abusos-en-la-iglesia-y-defiende-la-apertura-a-los-homosexuales\/","title":{"rendered":"El papa reitera \u201cla tolerancia cero\u201d a los abusos en la Iglesia y defiende la apertura a los homosexuales"},"content":{"rendered":"<p><strong><em>A bordo del avi\u00f3n papal (EFE).-<\/em><\/strong> El papa Francisco reiter\u00f3 \u201cla tolerancia cero\u201d ante la \u201ctremenda peste\u201d de los casos de abusos por parte de la jerarqu\u00eda cat\u00f3lica, a la vez que asegur\u00f3 que la Iglesia \u201cest\u00e1 abierta a todos, tambi\u00e9n a los homosexuales\u201d y que \u201cluego cada uno elige a Dios por su propio camino\u201d<\/p>\n<p>Las declaraciones del pont\u00edfice se dieron en la rueda de prensa a bordo del avi\u00f3n en el que regresaba de su viaje a Lisboa para participar en la\u00a0<a href=\"https:\/\/efe.com\/mundo\/2023-08-05\/un-millon-y-medio-de-personas-una-multitud-sin-precedentes-en-portugal-arropa-al-papa\/\" target=\"_blank\" rel=\"noopener\"><strong>Jornada Mundial de la Juventud (JMJ)<\/strong><\/a>.<\/p>\n<p>El papa indic\u00f3 que los obispos que han cometido irresponsabilidades \u201ctendr\u00e1n que hacerse cargo de ella y ya se ver\u00e1 c\u00f3mo\u201d.<\/p>\n<p><strong>Los casos en Portugal<\/strong><\/p>\n<p>Francisco respondi\u00f3 en la rueda de prensa sobre los casos de abusos en Portugal, donde un reciente informe desvel\u00f3 que en 70 a\u00f1os hubo hasta 4.800 casos de menores abusados por miembros de la Iglesia.<\/p>\n<p>Record\u00f3 que de manera reservada encontr\u00f3 en Lisboa durante el viaje a un grupo de v\u00edctimas y dialogaron \u201csobre esta tremenda peste de la Iglesia\u201d.<\/p>\n<p>\u201cMe hace bien escuchar a las v\u00edctimas porque me hace que me haga cargo de este drama\u201d, afirm\u00f3.<\/p>\n<p>Aunque observ\u00f3 que sobre los abusos en Portugal \u201clos n\u00fameros se han agrandado por los comentarios\u201d pero que \u201clo que es la realidad la Iglesia lo est\u00e1 llevando bien\u201d y que \u201cesto le deja tranquilo\u201d.<\/p>\n<p>Francisco quiso recordar que el 42 % de los abusos a menores se da en el ambiente familiar y en los barrios y se cubren y \u201chay que madurar para que se descubran\u201d.<\/p>\n<p>El papa dijo que desde que estall\u00f3 el esc\u00e1ndalo de la Iglesia en Boston sobre los abusos del clero \u201clleg\u00f3 un momento que se tom\u00f3 consciencia de que no se podr\u00edan tomar caminos aleatorios\u201d y que se \u201cten\u00eda que tomar el todo por las astas\u201d y que desde entonces \u201chay una frase que se repite que es tolerancia cero\u201d.<\/p>\n<p>&nbsp;<\/p>\n","protected":false},"excerpt":{"rendered":"<p>A bordo del avi\u00f3n papal (EFE).- El papa Francisco reiter\u00f3 <a href=\"https:\/\/sertv.gob.pa\/nacionalfm\/el-papa-reitera-la-tolerancia-cero-a-los-abusos-en-la-iglesia-y-defiende-la-apertura-a-los-homosexuales\/\"> [&#8230;]<\/a><\/p>\n","protected":false},"author":9,"featured_media":90101,"comment_status":"closed","ping_status":"closed","sticky":false,"template":"","format":"standard","meta":{"footnotes":""},"categories":[3],"tags":[],"class_list":["post-90100","post","type-post","status-publish","format-standard","has-post-thumbnail","hentry","category-internacionales"],"_links":{"self":[{"href":"https:\/\/sertv.gob.pa\/nacionalfm\/wp-json\/wp\/v2\/posts\/90100","targetHints":{"allow":["GET"]}}],"collection":[{"href":"https:\/\/sertv.gob.pa\/nacionalfm\/wp-json\/wp\/v2\/posts"}],"about":[{"href":"https:\/\/sertv.gob.pa\/nacionalfm\/wp-json\/wp\/v2\/types\/post"}],"author":[{"embeddable":true,"href":"https:\/\/sertv.gob.pa\/nacionalfm\/wp-json\/wp\/v2\/users\/9"}],"replies":[{"embeddable":true,"href":"https:\/\/sertv.gob.pa\/nacionalfm\/wp-json\/wp\/v2\/comments?post=90100"}],"version-history":[{"count":1,"href":"https:\/\/sertv.gob.pa\/nacionalfm\/wp-json\/wp\/v2\/posts\/90100\/revisions"}],"predecessor-version":[{"id":90104,"href":"https:\/\/sertv.gob.pa\/nacionalfm\/wp-json\/wp\/v2\/posts\/90100\/revisions\/90104"}],"wp:featuredmedia":[{"embeddable":true,"href":"https:\/\/sertv.gob.pa\/nacionalfm\/wp-json\/wp\/v2\/media\/90101"}],"wp:attachment":[{"href":"https:\/\/sertv.gob.pa\/nacionalfm\/wp-json\/wp\/v2\/media?parent=90100"}],"wp:term":[{"taxonomy":"category","embeddable":true,"href":"https:\/\/sertv.gob.pa\/nacionalfm\/wp-json\/wp\/v2\/categories?post=90100"},{"taxonomy":"post_tag","embeddable":true,"href":"https:\/\/sertv.gob.pa\/nacionalfm\/wp-json\/wp\/v2\/tags?post=90100"}],"curies":[{"name":"wp","href":"https:\/\/api.w.org\/{rel}","templated":true}]}}