{"id":90145,"date":"2023-08-08T17:29:40","date_gmt":"2023-08-08T17:29:40","guid":{"rendered":"https:\/\/sertv.gob.pa\/nacionalfm\/?p=90145"},"modified":"2023-08-08T17:29:40","modified_gmt":"2023-08-08T17:29:40","slug":"el-fuego-arrasa-miles-de-hectareas-de-portugal-y-obliga-a-evacuar-a-1-500-personas","status":"publish","type":"post","link":"https:\/\/sertv.gob.pa\/nacionalfm\/el-fuego-arrasa-miles-de-hectareas-de-portugal-y-obliga-a-evacuar-a-1-500-personas\/","title":{"rendered":"El fuego arrasa miles de hect\u00e1reas de Portugal y obliga a evacuar a 1.500 personas"},"content":{"rendered":"<p><strong><em>Lisboa (EFE).<\/em><\/strong>&#8211; Los incendios que azotan Portugal han dejado miles de hect\u00e1reas arrasadas y han obligado a evacuar a cerca de 1.500 personas, mientras las autoridades investigan la posibilidad de que hayan sido provocados.<\/p>\n<p>En Odemira (Alentejo), los bomberos lograron durante las \u00faltimas horas estabilizar el per\u00edmetro del fuego que se declar\u00f3 el s\u00e1bado, pero advierten de que todav\u00eda quedan \u201cpuntos cr\u00edticos\u201d y no se puede dar por controlado.<\/p>\n<p>El viento y las altas temperaturas dificultan las tareas de extinci\u00f3n en la zona -unos 200 kil\u00f3metros al sur de Lisboa-, donde el lunes fueron evacuados de forma preventiva cerca de 1.500 vecinos que todav\u00eda no han regresado a sus hogares.<\/p>\n<p>M\u00e1s de 800 bomberos, apoyados por 266 veh\u00edculos y 10 medios a\u00e9reos, combat\u00edan anoche las llamas en una extensi\u00f3n superior a las 6.000 hect\u00e1reas, en lo que Protecci\u00f3n Civil considera una situaci\u00f3n \u201cabsolutamente excepcional\u201d.<\/p>\n<p>&nbsp;<\/p>\n<p><strong><em>Incendios provocados<\/em><\/strong><\/p>\n<p>En Leiria, unos 150 kil\u00f3metros al norte de Lisboa, las llamas han arrasado unas 400 hect\u00e1reas y no se descarta que los incendios hayan sido provocados.<\/p>\n<p>\u201cNo es normal tantas igniciones consecutivas en sitios cr\u00edticos\u201d, explic\u00f3 hoy a medios locales Luis Lopes, portavoz de Protecci\u00f3n Civil en la localidad.<\/p>\n<p>Los fuegos que castigaron el lunes los barrios de Arrabal y Carangujeira y arrasaron unas 500 hect\u00e1reas, han podido ser controlados esta madrugada y, pese a que amenazaron zonas urbanas, hasta el momento solo se han registrado da\u00f1os en una vivienda y cuatro heridos leves.<\/p>\n<p>Tambi\u00e9n ha sido controlado ya el incendio que se desat\u00f3 en Vila do Conde, en Oporto, y que oblig\u00f3 a cortar varias carreteras, aunque decenas de efectivos permanecen en la zona para evitar que se reactive.<\/p>\n<p>La ola de calor que registra Portugal, con temperaturas que pueden superar los 40 grados, agrava el peligro de incendio en 120 \u00e1reas del pa\u00eds aunque, por el momento, el Gobierno no ha declarado un estado de alerta.<\/p>\n","protected":false},"excerpt":{"rendered":"<p>Lisboa (EFE).&#8211; Los incendios que azotan Portugal han dejado miles <a href=\"https:\/\/sertv.gob.pa\/nacionalfm\/el-fuego-arrasa-miles-de-hectareas-de-portugal-y-obliga-a-evacuar-a-1-500-personas\/\"> [&#8230;]<\/a><\/p>\n","protected":false},"author":9,"featured_media":90146,"comment_status":"closed","ping_status":"closed","sticky":false,"template":"","format":"standard","meta":{"footnotes":""},"categories":[3],"tags":[],"class_list":["post-90145","post","type-post","status-publish","format-standard","has-post-thumbnail","hentry","category-internacionales"],"_links":{"self":[{"href":"https:\/\/sertv.gob.pa\/nacionalfm\/wp-json\/wp\/v2\/posts\/90145","targetHints":{"allow":["GET"]}}],"collection":[{"href":"https:\/\/sertv.gob.pa\/nacionalfm\/wp-json\/wp\/v2\/posts"}],"about":[{"href":"https:\/\/sertv.gob.pa\/nacionalfm\/wp-json\/wp\/v2\/types\/post"}],"author":[{"embeddable":true,"href":"https:\/\/sertv.gob.pa\/nacionalfm\/wp-json\/wp\/v2\/users\/9"}],"replies":[{"embeddable":true,"href":"https:\/\/sertv.gob.pa\/nacionalfm\/wp-json\/wp\/v2\/comments?post=90145"}],"version-history":[{"count":1,"href":"https:\/\/sertv.gob.pa\/nacionalfm\/wp-json\/wp\/v2\/posts\/90145\/revisions"}],"predecessor-version":[{"id":90149,"href":"https:\/\/sertv.gob.pa\/nacionalfm\/wp-json\/wp\/v2\/posts\/90145\/revisions\/90149"}],"wp:featuredmedia":[{"embeddable":true,"href":"https:\/\/sertv.gob.pa\/nacionalfm\/wp-json\/wp\/v2\/media\/90146"}],"wp:attachment":[{"href":"https:\/\/sertv.gob.pa\/nacionalfm\/wp-json\/wp\/v2\/media?parent=90145"}],"wp:term":[{"taxonomy":"category","embeddable":true,"href":"https:\/\/sertv.gob.pa\/nacionalfm\/wp-json\/wp\/v2\/categories?post=90145"},{"taxonomy":"post_tag","embeddable":true,"href":"https:\/\/sertv.gob.pa\/nacionalfm\/wp-json\/wp\/v2\/tags?post=90145"}],"curies":[{"name":"wp","href":"https:\/\/api.w.org\/{rel}","templated":true}]}}