{"id":90183,"date":"2023-08-09T16:04:21","date_gmt":"2023-08-09T16:04:21","guid":{"rendered":"https:\/\/sertv.gob.pa\/nacionalfm\/?p=90183"},"modified":"2023-08-09T16:04:21","modified_gmt":"2023-08-09T16:04:21","slug":"mas-de-40-muertos-en-un-nuevo-naufragio-frente-a-la-isla-italiana-de-lampedusa","status":"publish","type":"post","link":"https:\/\/sertv.gob.pa\/nacionalfm\/mas-de-40-muertos-en-un-nuevo-naufragio-frente-a-la-isla-italiana-de-lampedusa\/","title":{"rendered":"M\u00e1s de 40 muertos en un nuevo naufragio frente a la isla italiana de Lampedusa"},"content":{"rendered":"<p>Roma (EFE).- Un total de 41 personas han muerto en un nuevo naufragio registrado frente a la isla italiana de Lampedusa (sur de Italia), seg\u00fan los testimonios de cuatro supervivientes que fueron rescatados por la Guardia Costera italiana.<\/p>\n<p>Los rescatados explicaron a las autoridades que la embarcaci\u00f3n hab\u00eda salido de Sfax (T\u00fanez) y que tras unas seis horas de navegaci\u00f3n la nave volc\u00f3 debido a una gran ola y 41 migrantes, entre ellos tres ni\u00f1os, cayeron al mar.<\/p>\n<p>Los cuatro supervivientes, tres hombres y una mujer originarios de Costa de Marfil y Guinea Conakry, se encuentran en estado de shock.<\/p>\n<p>Tras ser rescatados por la motonave \u201cRimona\u201d se les traslad\u00f3 a una patrullera de la Guardia Costera que les desembarc\u00f3 en Lampedusa.<\/p>\n<p>&nbsp;<\/p>\n<p><strong>Saturaci\u00f3n en el centro de acogida<\/strong><\/p>\n<p>S\u00f3lo 15 de los migrantes, que viajaban en una precaria embarcaci\u00f3n met\u00e1lica, llevaban chalecos salvavidas, pero se ahogaron igualmente, seg\u00fan relataron los migrantes a los servicios sociales y los mediadores de la Organizaci\u00f3n Internacional de las Migraciones (OIM) que trabajan habitualmente en la isla, el territorio italiano m\u00e1s cercano a \u00c1frica.<\/p>\n<p>El pasado s\u00e1bado ya se inform\u00f3 de otros dos naufragios frente a Lampedusa en los que murieron 34 personas, aunque solo se pudieron rescatar tres cad\u00e1veres en medio de un fuerte temporal.<\/p>\n<p>Los desembarcos no cesan en Lampedusa, en cuyo centro de acogida, con capacidad para 300 personas, llegaron a agolparse hace dos d\u00edas cerca de 2.500 personas.<\/p>\n<p>Las autoridades han retomado el traslado de migrantes desde el centro a otros puntos de la isla o a la pen\u00ednsula italiana.<\/p>\n<p>Est\u00e1 previsto que hoy unos 1.100 de las 1.577 personas acogidas sean transferidas a las localidades sicialianas de Porto Empedocle y Augusta.<\/p>\n<p>Seg\u00fan los \u00faltimos datos del Ministerio del Interior italiano, en lo que va de a\u00f1o y hasta el 4 de agosto han desembarcado 92.000 migrantes en las costas italianas, m\u00e1s del doble de los 42.640 del mismo periodo del a\u00f1o anterior.<\/p>\n","protected":false},"excerpt":{"rendered":"<p>Roma (EFE).- Un total de 41 personas han muerto en <a href=\"https:\/\/sertv.gob.pa\/nacionalfm\/mas-de-40-muertos-en-un-nuevo-naufragio-frente-a-la-isla-italiana-de-lampedusa\/\"> [&#8230;]<\/a><\/p>\n","protected":false},"author":9,"featured_media":90184,"comment_status":"closed","ping_status":"closed","sticky":false,"template":"","format":"standard","meta":{"footnotes":""},"categories":[3],"tags":[],"class_list":["post-90183","post","type-post","status-publish","format-standard","has-post-thumbnail","hentry","category-internacionales"],"_links":{"self":[{"href":"https:\/\/sertv.gob.pa\/nacionalfm\/wp-json\/wp\/v2\/posts\/90183","targetHints":{"allow":["GET"]}}],"collection":[{"href":"https:\/\/sertv.gob.pa\/nacionalfm\/wp-json\/wp\/v2\/posts"}],"about":[{"href":"https:\/\/sertv.gob.pa\/nacionalfm\/wp-json\/wp\/v2\/types\/post"}],"author":[{"embeddable":true,"href":"https:\/\/sertv.gob.pa\/nacionalfm\/wp-json\/wp\/v2\/users\/9"}],"replies":[{"embeddable":true,"href":"https:\/\/sertv.gob.pa\/nacionalfm\/wp-json\/wp\/v2\/comments?post=90183"}],"version-history":[{"count":1,"href":"https:\/\/sertv.gob.pa\/nacionalfm\/wp-json\/wp\/v2\/posts\/90183\/revisions"}],"predecessor-version":[{"id":90189,"href":"https:\/\/sertv.gob.pa\/nacionalfm\/wp-json\/wp\/v2\/posts\/90183\/revisions\/90189"}],"wp:featuredmedia":[{"embeddable":true,"href":"https:\/\/sertv.gob.pa\/nacionalfm\/wp-json\/wp\/v2\/media\/90184"}],"wp:attachment":[{"href":"https:\/\/sertv.gob.pa\/nacionalfm\/wp-json\/wp\/v2\/media?parent=90183"}],"wp:term":[{"taxonomy":"category","embeddable":true,"href":"https:\/\/sertv.gob.pa\/nacionalfm\/wp-json\/wp\/v2\/categories?post=90183"},{"taxonomy":"post_tag","embeddable":true,"href":"https:\/\/sertv.gob.pa\/nacionalfm\/wp-json\/wp\/v2\/tags?post=90183"}],"curies":[{"name":"wp","href":"https:\/\/api.w.org\/{rel}","templated":true}]}}