{"id":90190,"date":"2023-08-09T17:09:13","date_gmt":"2023-08-09T17:09:13","guid":{"rendered":"https:\/\/sertv.gob.pa\/nacionalfm\/?p=90190"},"modified":"2023-08-09T17:09:13","modified_gmt":"2023-08-09T17:09:13","slug":"brasil-afirma-que-los-paises-con-selvas-tropicales-necesitan-mas-voz-en-el-mundo","status":"publish","type":"post","link":"https:\/\/sertv.gob.pa\/nacionalfm\/brasil-afirma-que-los-paises-con-selvas-tropicales-necesitan-mas-voz-en-el-mundo\/","title":{"rendered":"Brasil afirma que los pa\u00edses con selvas tropicales necesitan m\u00e1s \u201cvoz\u201d en el mundo"},"content":{"rendered":"<p>Bel\u00e9m (Brasil), (EFE).- El canciller brasile\u00f1o, Mauro Vieira, dijo este mi\u00e9rcoles, en la Cumbre de la Amazon\u00eda, que los pa\u00edses ricos deben \u201chacer su parte\u201d en la preservaci\u00f3n del medioambiente y pidi\u00f3 m\u00e1s \u201cvoz\u201d para los pa\u00edses con selvas tropicales en los foros multilaterales.<\/p>\n<p>\u201cLos compromisos de enfrentamiento a la crisis clim\u00e1tica con inclusi\u00f3n social y protecci\u00f3n de bosques no puede ser un mantra de repetidos discursos, necesitan cumplir sus metas\u201d los pa\u00edses desarrollados, dijo Vieira en la segunda jornada de la Cumbre Amaz\u00f3nica, que se celebra en la ciudad brasile\u00f1a de Bel\u00e9m.<\/p>\n<p>En esta segunda jornada, los ochos socios de la Organizaci\u00f3n del Tratado de Cooperaci\u00f3n Amaz\u00f3nica (OTCA) invitaron a los debates a Indonesia, Rep\u00fablica del Congo y Rep\u00fablica Democr\u00e1tica del Congo, poseedores tambi\u00e9n de grandes superficies de bosque tropical.<\/p>\n<p>Igualmente, est\u00e1n representados Francia, Noruega y San Vicente y Granadinas, este \u00faltimo por ejercer la Presidencia pro tempore de la Comunidad de Estados Latinoamericanos y Caribe\u00f1os (Celac).<\/p>\n<p>En su discurso, el canciller brasile\u00f1o afirm\u00f3 que los pa\u00edses con bosques tropicales necesitan tener el \u201cpeso y la voz\u201d que \u201cles corresponde en los foros multilaterales\u201d.<\/p>\n<p>\u201cTenemos mucho que ense\u00f1ar al mundo en el \u00e1rea ambiental, tenemos cerca de la mitad o m\u00e1s de los nuestros territorios cubiertos de bosques\u201d, resalt\u00f3.<\/p>\n<p>En este sentido, se\u00f1al\u00f3 que los pa\u00edses desarrollados tambi\u00e9n \u201ctienen que hacer su parte\u201d y cumplir sus \u201cmetas de financiaci\u00f3n\u201d para los que est\u00e1n en desarrollo, en las \u00e1reas de \u201cclima, biodiversidad y desarrollo sostenible\u201d.<\/p>\n<p>En la v\u00edspera, los ocho pa\u00edses amaz\u00f3nicos urgieron al mundo desarrollado a cumplir con \u201cla meta de movilizar 100.000 millones de d\u00f3lares (unos 91.000 millones de euros) anuales en financiamiento clim\u00e1tico\u201d, en la declaraci\u00f3n conjunta que difundieron al final de la primera jornada.<\/p>\n","protected":false},"excerpt":{"rendered":"<p>Bel\u00e9m (Brasil), (EFE).- El canciller brasile\u00f1o, Mauro Vieira, dijo este <a href=\"https:\/\/sertv.gob.pa\/nacionalfm\/brasil-afirma-que-los-paises-con-selvas-tropicales-necesitan-mas-voz-en-el-mundo\/\"> [&#8230;]<\/a><\/p>\n","protected":false},"author":9,"featured_media":90191,"comment_status":"closed","ping_status":"closed","sticky":false,"template":"","format":"standard","meta":{"footnotes":""},"categories":[3],"tags":[],"class_list":["post-90190","post","type-post","status-publish","format-standard","has-post-thumbnail","hentry","category-internacionales"],"_links":{"self":[{"href":"https:\/\/sertv.gob.pa\/nacionalfm\/wp-json\/wp\/v2\/posts\/90190","targetHints":{"allow":["GET"]}}],"collection":[{"href":"https:\/\/sertv.gob.pa\/nacionalfm\/wp-json\/wp\/v2\/posts"}],"about":[{"href":"https:\/\/sertv.gob.pa\/nacionalfm\/wp-json\/wp\/v2\/types\/post"}],"author":[{"embeddable":true,"href":"https:\/\/sertv.gob.pa\/nacionalfm\/wp-json\/wp\/v2\/users\/9"}],"replies":[{"embeddable":true,"href":"https:\/\/sertv.gob.pa\/nacionalfm\/wp-json\/wp\/v2\/comments?post=90190"}],"version-history":[{"count":1,"href":"https:\/\/sertv.gob.pa\/nacionalfm\/wp-json\/wp\/v2\/posts\/90190\/revisions"}],"predecessor-version":[{"id":90192,"href":"https:\/\/sertv.gob.pa\/nacionalfm\/wp-json\/wp\/v2\/posts\/90190\/revisions\/90192"}],"wp:featuredmedia":[{"embeddable":true,"href":"https:\/\/sertv.gob.pa\/nacionalfm\/wp-json\/wp\/v2\/media\/90191"}],"wp:attachment":[{"href":"https:\/\/sertv.gob.pa\/nacionalfm\/wp-json\/wp\/v2\/media?parent=90190"}],"wp:term":[{"taxonomy":"category","embeddable":true,"href":"https:\/\/sertv.gob.pa\/nacionalfm\/wp-json\/wp\/v2\/categories?post=90190"},{"taxonomy":"post_tag","embeddable":true,"href":"https:\/\/sertv.gob.pa\/nacionalfm\/wp-json\/wp\/v2\/tags?post=90190"}],"curies":[{"name":"wp","href":"https:\/\/api.w.org\/{rel}","templated":true}]}}