{"id":90227,"date":"2023-08-10T17:25:36","date_gmt":"2023-08-10T17:25:36","guid":{"rendered":"https:\/\/sertv.gob.pa\/nacionalfm\/?p=90227"},"modified":"2023-08-10T17:25:36","modified_gmt":"2023-08-10T17:25:36","slug":"el-asesinato-del-candidato-villavicencio-tine-de-sangre-las-elecciones-presidenciales-de-ecuador","status":"publish","type":"post","link":"https:\/\/sertv.gob.pa\/nacionalfm\/el-asesinato-del-candidato-villavicencio-tine-de-sangre-las-elecciones-presidenciales-de-ecuador\/","title":{"rendered":"El asesinato del candidato Villavicencio ti\u00f1e de sangre las elecciones presidenciales de Ecuador"},"content":{"rendered":"<p><strong><em>Quito (EFE).-<\/em><\/strong> El asesinato del candidato a la Presidencia de Ecuador Fernando Villavicencio, a manos presuntamente de sicarios, ti\u00f1\u00f3 este mi\u00e9rcoles de sangre los comicios para elegir al sucesor del actual mandatario, el conservador Guillermo Lasso, en un atentado que dej\u00f3 al menos nueve heridos y en el que tambi\u00e9n muri\u00f3 un sospechoso del crimen.<\/p>\n<p>Villavicencio, de 59 a\u00f1os, un periodista y exasamble\u00edsta que con sus investigaciones sobre corrupci\u00f3n se hab\u00eda convertido en uno de los enemigos m\u00e1s ac\u00e9rrimos del expresidente Rafael Correa (2007-2017), recibi\u00f3 una r\u00e1faga de disparos al terminar un mitin de su campa\u00f1a electoral en un colegio de Quito.<\/p>\n<p>El candidato, que se defin\u00eda p\u00fablicamente como de centro pese a haberse situado en sus inicios en la izquierda moderada, fue trasladado a un centro m\u00e9dico cercano donde se certific\u00f3 su muerte, confirmada luego p\u00fablicamente por sus familiares y por personas cercanas a su candidatura.<\/p>\n<p>Villavicencio, como otros candidatos, planteaba una lucha frontal contra las mafias del crimen organizado, en medio de una campa\u00f1a electoral marcada por la peor crisis de seguridad de la historia de Ecuador, que el a\u00f1o pasado cerr\u00f3 el 2022 con una tasa de 25,32 muertes violentas por cada 100.000 habitantes, la m\u00e1s alta desde que se tienen registros.<\/p>\n","protected":false},"excerpt":{"rendered":"<p>Quito (EFE).- El asesinato del candidato a la Presidencia de <a href=\"https:\/\/sertv.gob.pa\/nacionalfm\/el-asesinato-del-candidato-villavicencio-tine-de-sangre-las-elecciones-presidenciales-de-ecuador\/\"> [&#8230;]<\/a><\/p>\n","protected":false},"author":9,"featured_media":90228,"comment_status":"closed","ping_status":"closed","sticky":false,"template":"","format":"standard","meta":{"footnotes":""},"categories":[3],"tags":[],"class_list":["post-90227","post","type-post","status-publish","format-standard","has-post-thumbnail","hentry","category-internacionales"],"_links":{"self":[{"href":"https:\/\/sertv.gob.pa\/nacionalfm\/wp-json\/wp\/v2\/posts\/90227","targetHints":{"allow":["GET"]}}],"collection":[{"href":"https:\/\/sertv.gob.pa\/nacionalfm\/wp-json\/wp\/v2\/posts"}],"about":[{"href":"https:\/\/sertv.gob.pa\/nacionalfm\/wp-json\/wp\/v2\/types\/post"}],"author":[{"embeddable":true,"href":"https:\/\/sertv.gob.pa\/nacionalfm\/wp-json\/wp\/v2\/users\/9"}],"replies":[{"embeddable":true,"href":"https:\/\/sertv.gob.pa\/nacionalfm\/wp-json\/wp\/v2\/comments?post=90227"}],"version-history":[{"count":1,"href":"https:\/\/sertv.gob.pa\/nacionalfm\/wp-json\/wp\/v2\/posts\/90227\/revisions"}],"predecessor-version":[{"id":90231,"href":"https:\/\/sertv.gob.pa\/nacionalfm\/wp-json\/wp\/v2\/posts\/90227\/revisions\/90231"}],"wp:featuredmedia":[{"embeddable":true,"href":"https:\/\/sertv.gob.pa\/nacionalfm\/wp-json\/wp\/v2\/media\/90228"}],"wp:attachment":[{"href":"https:\/\/sertv.gob.pa\/nacionalfm\/wp-json\/wp\/v2\/media?parent=90227"}],"wp:term":[{"taxonomy":"category","embeddable":true,"href":"https:\/\/sertv.gob.pa\/nacionalfm\/wp-json\/wp\/v2\/categories?post=90227"},{"taxonomy":"post_tag","embeddable":true,"href":"https:\/\/sertv.gob.pa\/nacionalfm\/wp-json\/wp\/v2\/tags?post=90227"}],"curies":[{"name":"wp","href":"https:\/\/api.w.org\/{rel}","templated":true}]}}