{"id":90232,"date":"2023-08-10T17:48:34","date_gmt":"2023-08-10T17:48:34","guid":{"rendered":"https:\/\/sertv.gob.pa\/nacionalfm\/?p=90232"},"modified":"2023-08-10T17:48:34","modified_gmt":"2023-08-10T17:48:34","slug":"ee-uu-declara-la-emergencia-en-la-isla-de-maui-que-sufre-una-devastacion-generalizada","status":"publish","type":"post","link":"https:\/\/sertv.gob.pa\/nacionalfm\/ee-uu-declara-la-emergencia-en-la-isla-de-maui-que-sufre-una-devastacion-generalizada\/","title":{"rendered":"EE.UU. declara la emergencia en la isla de Maui que sufre una \u201cdevastaci\u00f3n generalizada\u201d"},"content":{"rendered":"<p>Washington.- El presidente estadounidense, Joe Biden, declar\u00f3 este jueves el estado de emergencia por desastre en Haw\u00e1i por los incendios forestales que est\u00e1n afectando sobre todo a la isla de Maui, donde seg\u00fan fuentes oficiales hay una \u201cdevastaci\u00f3n generalizada\u201d.<\/p>\n<p>As\u00ed lo asegur\u00f3 a CNN la administradora de la Agencia Federal para el Manejo de Emergencias (FEMA), Deanne Criswell, quien afirm\u00f3 que se est\u00e1 viendo \u201cuna devastaci\u00f3n generalizada en muchos vecindarios diferentes en Maui\u201d, con la mayor\u00eda de los incendios a\u00fan fuera de control.<\/p>\n<p>De hecho, explic\u00f3, la presencia de la agencia en la zona es todav\u00eda reducida, con una capacidad \u201climitada\u201d para ubicar a las personas. Tras un primer recuento oficial, hay hasta el momento 36 fallecidos mientras que miles de personas est\u00e1n siendo evacuadas de la isla.<\/p>\n<p>El presidente Biden decidi\u00f3 este jueves declarar el estado de emergencia por el \u201cgran desastre en el estado de Haw\u00e1i\u201d y orden\u00f3 el env\u00edo de ayuda federal para complementar los esfuerzos de recuperaci\u00f3n estatales y locales en las \u00e1reas afectadas por los incendios forestales que comenzaron el 8 de agosto.<\/p>\n<p>Biden habl\u00f3 por tel\u00e9fono con el gobernador de Haw\u00e1i, Josh Green, y expres\u00f3 sus profundas condolencias por las vidas perdidas y la gran destrucci\u00f3n de tierras y propiedades.<\/p>\n<p>Mientras miles de ciudadanos, muchos de ellos turistas, intentan escapar de la isla, la Administraci\u00f3n Federal de Aviaci\u00f3n (FAA) decidi\u00f3 este jueves restringir el espacio a\u00e9reo en la zona cercana a la ciudad de Lahaina, devastada por el fuego, y tambi\u00e9n en las \u00e1reas de Kihei y Kula, todo ello para facilitar las labores de rescate.<\/p>\n<p>Las autoridades est\u00e1n pidiendo a los habitantes y visitantes de la zona que la abandonen \u201ccuanto antes\u201d ante los \u201climitados\u201d recursos para afrontar esta crisis, seg\u00fan admiti\u00f3 el Condado de Maui en un comunicado.<\/p>\n<p>Aunque son varias las islas de Haw\u00e1i afectadas, el mayor da\u00f1o lo est\u00e1 sufriendo Maui, de donde 11.000 personas fueron evacuadas el mi\u00e9rcoles seg\u00fan la CNN, mientras se espera que este jueves salgan de la isla al menos otras 1.500.<\/p>\n<p>Las compa\u00f1\u00edas a\u00e9reas est\u00e1n ofreciendo billetes a bajos precios para promover la salida y organizando nuevos vuelos que salgan de Maui.<\/p>\n<p>Las im\u00e1genes muestran zonas completamente destruidas, sobre todo en poblaciones como Lahaina, localidad hist\u00f3rica del oeste de Maui y una de las zonas m\u00e1s tur\u00edsticas de la isla.<\/p>\n<p>\u201cPr\u00e1cticamente toda la ciudad ha ardido, toda la zona hist\u00f3rica, los hogares y los negocios\u201d, dijo a CNN el director de operaciones de la compa\u00f1\u00eda de helic\u00f3pteros Air Maui Helicopters, Richie Olsten.<\/p>\n<p>Olsten explic\u00f3 que hay cientos de personas en refugios, como el estadio Memorial, pero muchos \u201cno tienen d\u00f3nde ir\u201d porque a\u00fan no se han habilitado refugios suficientes.<\/p>\n<p>La cuenta de Twitter del condado de Maui actualiza constantemente informaci\u00f3n sobre los refugios que se van habilitando o las zonas donde se puede encontrar agua potable.<\/p>\n<p>En cualquier caso, el mensaje de las autoridades es claro, piden a todos los que se encuentren en zonas de peligro que traten de salir.<\/p>\n<p>Seg\u00fan las autoridades, la fuerte sequ\u00eda que ha afectado a las islas en los \u00faltimos meses y los fuertes vientos procedentes del hurac\u00e1n Dora han provocado que las llamas se extendieran a una velocidad mucho mayor.<\/p>\n<p>El general Kenneth Hara, responsable adjunto de la Guardia Nacional en Haw\u00e1i, explic\u00f3 tambi\u00e9n que la fuerza de los vientos ha dificultado las labores de extinci\u00f3n.<\/p>\n<p>\u201cEl camino de la recuperaci\u00f3n ser\u00e1 largo\u201d, advirti\u00f3 anoche la subgobernadora de Maui Sylvia Luke. <strong><em>EFEverde<\/em><\/strong><\/p>\n<p>&nbsp;<\/p>\n<p>&nbsp;<\/p>\n","protected":false},"excerpt":{"rendered":"<p>Washington.- El presidente estadounidense, Joe Biden, declar\u00f3 este jueves el <a href=\"https:\/\/sertv.gob.pa\/nacionalfm\/ee-uu-declara-la-emergencia-en-la-isla-de-maui-que-sufre-una-devastacion-generalizada\/\"> [&#8230;]<\/a><\/p>\n","protected":false},"author":9,"featured_media":90233,"comment_status":"closed","ping_status":"closed","sticky":false,"template":"","format":"standard","meta":{"footnotes":""},"categories":[3],"tags":[],"class_list":["post-90232","post","type-post","status-publish","format-standard","has-post-thumbnail","hentry","category-internacionales"],"_links":{"self":[{"href":"https:\/\/sertv.gob.pa\/nacionalfm\/wp-json\/wp\/v2\/posts\/90232","targetHints":{"allow":["GET"]}}],"collection":[{"href":"https:\/\/sertv.gob.pa\/nacionalfm\/wp-json\/wp\/v2\/posts"}],"about":[{"href":"https:\/\/sertv.gob.pa\/nacionalfm\/wp-json\/wp\/v2\/types\/post"}],"author":[{"embeddable":true,"href":"https:\/\/sertv.gob.pa\/nacionalfm\/wp-json\/wp\/v2\/users\/9"}],"replies":[{"embeddable":true,"href":"https:\/\/sertv.gob.pa\/nacionalfm\/wp-json\/wp\/v2\/comments?post=90232"}],"version-history":[{"count":1,"href":"https:\/\/sertv.gob.pa\/nacionalfm\/wp-json\/wp\/v2\/posts\/90232\/revisions"}],"predecessor-version":[{"id":90235,"href":"https:\/\/sertv.gob.pa\/nacionalfm\/wp-json\/wp\/v2\/posts\/90232\/revisions\/90235"}],"wp:featuredmedia":[{"embeddable":true,"href":"https:\/\/sertv.gob.pa\/nacionalfm\/wp-json\/wp\/v2\/media\/90233"}],"wp:attachment":[{"href":"https:\/\/sertv.gob.pa\/nacionalfm\/wp-json\/wp\/v2\/media?parent=90232"}],"wp:term":[{"taxonomy":"category","embeddable":true,"href":"https:\/\/sertv.gob.pa\/nacionalfm\/wp-json\/wp\/v2\/categories?post=90232"},{"taxonomy":"post_tag","embeddable":true,"href":"https:\/\/sertv.gob.pa\/nacionalfm\/wp-json\/wp\/v2\/tags?post=90232"}],"curies":[{"name":"wp","href":"https:\/\/api.w.org\/{rel}","templated":true}]}}