{"id":90272,"date":"2023-08-11T17:40:35","date_gmt":"2023-08-11T17:40:35","guid":{"rendered":"https:\/\/sertv.gob.pa\/nacionalfm\/?p=90272"},"modified":"2023-08-11T17:40:35","modified_gmt":"2023-08-11T17:40:35","slug":"fallece-un-hombre-de-58-anos-mientras-trabajaba-en-el-campo-en-montilla-cordoba","status":"publish","type":"post","link":"https:\/\/sertv.gob.pa\/nacionalfm\/fallece-un-hombre-de-58-anos-mientras-trabajaba-en-el-campo-en-montilla-cordoba\/","title":{"rendered":"Fallece un hombre de 58 a\u00f1os mientras trabajaba en el campo en Montilla (C\u00f3rdoba)"},"content":{"rendered":"<p><strong><em>C\u00f3rdoba (EFE).-<\/em><\/strong> Un hombre de 58 a\u00f1os ha fallecido este viernes mientras estaba trabajando en labores agr\u00edcolas en la localidad de Montilla (C\u00f3rdoba), una zona que se encuentra en alerta roja por calor desde este mediod\u00eda.<\/p>\n<p>Fuentes de las empresas de Emergencias 112 han explicado a EFE que sobre las 10:00 horas de este viernes recibieron alerta de que un hombre se encontraba con mareos en su lugar de trabajo y que necesitaba asistencia m\u00e9dica.<\/p>\n<p>En el lugar de los hechos se personaron agentes de la Guardia Civil y asistencia sanitaria que certificaron all\u00ed mismo el fallecimiento.<\/p>\n<p>Fuentes de la Guardia Civil han informado de que han trasladado el cuerpo del hombre al Instituto de Medicina Legal donde se le est\u00e1 practicando la autopsia, para conocer las causas de la muerte.<\/p>\n<p>En la comarca donde se ha producido el fallecimiento, la Campi\u00f1a cordobesa, se ha activado la alerta roja por calor desde las 13:00 hasta las 21:00 horas de este viernes.<\/p>\n<p><a href=\"https:\/\/efe.com\/andalucia\/\" target=\"_blank\" rel=\"noopener\">Andaluc\u00eda<\/a>,\u00a0<a href=\"https:\/\/efe.com\/espana\/\" target=\"_blank\" rel=\"noopener\">Espa\u00f1a<\/a><\/p>\n<p>&nbsp;<\/p>\n","protected":false},"excerpt":{"rendered":"<p>C\u00f3rdoba (EFE).- Un hombre de 58 a\u00f1os ha fallecido este <a href=\"https:\/\/sertv.gob.pa\/nacionalfm\/fallece-un-hombre-de-58-anos-mientras-trabajaba-en-el-campo-en-montilla-cordoba\/\"> [&#8230;]<\/a><\/p>\n","protected":false},"author":9,"featured_media":90273,"comment_status":"closed","ping_status":"closed","sticky":false,"template":"","format":"standard","meta":{"footnotes":""},"categories":[3],"tags":[],"class_list":["post-90272","post","type-post","status-publish","format-standard","has-post-thumbnail","hentry","category-internacionales"],"_links":{"self":[{"href":"https:\/\/sertv.gob.pa\/nacionalfm\/wp-json\/wp\/v2\/posts\/90272","targetHints":{"allow":["GET"]}}],"collection":[{"href":"https:\/\/sertv.gob.pa\/nacionalfm\/wp-json\/wp\/v2\/posts"}],"about":[{"href":"https:\/\/sertv.gob.pa\/nacionalfm\/wp-json\/wp\/v2\/types\/post"}],"author":[{"embeddable":true,"href":"https:\/\/sertv.gob.pa\/nacionalfm\/wp-json\/wp\/v2\/users\/9"}],"replies":[{"embeddable":true,"href":"https:\/\/sertv.gob.pa\/nacionalfm\/wp-json\/wp\/v2\/comments?post=90272"}],"version-history":[{"count":1,"href":"https:\/\/sertv.gob.pa\/nacionalfm\/wp-json\/wp\/v2\/posts\/90272\/revisions"}],"predecessor-version":[{"id":90274,"href":"https:\/\/sertv.gob.pa\/nacionalfm\/wp-json\/wp\/v2\/posts\/90272\/revisions\/90274"}],"wp:featuredmedia":[{"embeddable":true,"href":"https:\/\/sertv.gob.pa\/nacionalfm\/wp-json\/wp\/v2\/media\/90273"}],"wp:attachment":[{"href":"https:\/\/sertv.gob.pa\/nacionalfm\/wp-json\/wp\/v2\/media?parent=90272"}],"wp:term":[{"taxonomy":"category","embeddable":true,"href":"https:\/\/sertv.gob.pa\/nacionalfm\/wp-json\/wp\/v2\/categories?post=90272"},{"taxonomy":"post_tag","embeddable":true,"href":"https:\/\/sertv.gob.pa\/nacionalfm\/wp-json\/wp\/v2\/tags?post=90272"}],"curies":[{"name":"wp","href":"https:\/\/api.w.org\/{rel}","templated":true}]}}