{"id":90310,"date":"2023-08-14T17:57:41","date_gmt":"2023-08-14T17:57:41","guid":{"rendered":"https:\/\/sertv.gob.pa\/nacionalfm\/?p=90310"},"modified":"2023-08-14T17:57:41","modified_gmt":"2023-08-14T17:57:41","slug":"el-cambio-climatico-transformara-el-verano-de-los-turistas-europeos","status":"publish","type":"post","link":"https:\/\/sertv.gob.pa\/nacionalfm\/el-cambio-climatico-transformara-el-verano-de-los-turistas-europeos\/","title":{"rendered":"El cambio clim\u00e1tico transformar\u00e1 el verano de los turistas europeos"},"content":{"rendered":"<p>Bruselas (EFE).- El aumento de las temperaturas en Espa\u00f1a y otros pa\u00edses del sur de Europa por el cambio clim\u00e1tico est\u00e1 empezando a tener un impacto sobre el turismo y dar\u00e1 lugar a una transformaci\u00f3n, con un incremento de los veraneantes que elegir\u00e1n el centro y norte del continente durante los meses m\u00e1s calurosos del a\u00f1o, en detrimento del sur.<\/p>\n<p>As\u00ed lo augura un reciente informe del Centro Com\u00fan de Investigaci\u00f3n europeo, que cree tambi\u00e9n que el sur recibir\u00e1, no obstante, m\u00e1s viajeros en primavera y otras estaciones menos c\u00e1lidas.<\/p>\n<p>\u201cEstos \u00faltimos veranos ha habido un cambio claro de tendencia entre muchos turistas que han preferido evitar el calor extremo, viajando a destinos m\u00e1s fr\u00edos como los pa\u00edses n\u00f3rdicos\u201d, asegura a EFE la bloguera de Viajeros lowcost y organizadora de viajes, Alba Borrero.<\/p>\n","protected":false},"excerpt":{"rendered":"<p>Bruselas (EFE).- El aumento de las temperaturas en Espa\u00f1a y <a href=\"https:\/\/sertv.gob.pa\/nacionalfm\/el-cambio-climatico-transformara-el-verano-de-los-turistas-europeos\/\"> [&#8230;]<\/a><\/p>\n","protected":false},"author":9,"featured_media":90311,"comment_status":"closed","ping_status":"closed","sticky":false,"template":"","format":"standard","meta":{"footnotes":""},"categories":[3],"tags":[],"class_list":["post-90310","post","type-post","status-publish","format-standard","has-post-thumbnail","hentry","category-internacionales"],"_links":{"self":[{"href":"https:\/\/sertv.gob.pa\/nacionalfm\/wp-json\/wp\/v2\/posts\/90310","targetHints":{"allow":["GET"]}}],"collection":[{"href":"https:\/\/sertv.gob.pa\/nacionalfm\/wp-json\/wp\/v2\/posts"}],"about":[{"href":"https:\/\/sertv.gob.pa\/nacionalfm\/wp-json\/wp\/v2\/types\/post"}],"author":[{"embeddable":true,"href":"https:\/\/sertv.gob.pa\/nacionalfm\/wp-json\/wp\/v2\/users\/9"}],"replies":[{"embeddable":true,"href":"https:\/\/sertv.gob.pa\/nacionalfm\/wp-json\/wp\/v2\/comments?post=90310"}],"version-history":[{"count":1,"href":"https:\/\/sertv.gob.pa\/nacionalfm\/wp-json\/wp\/v2\/posts\/90310\/revisions"}],"predecessor-version":[{"id":90312,"href":"https:\/\/sertv.gob.pa\/nacionalfm\/wp-json\/wp\/v2\/posts\/90310\/revisions\/90312"}],"wp:featuredmedia":[{"embeddable":true,"href":"https:\/\/sertv.gob.pa\/nacionalfm\/wp-json\/wp\/v2\/media\/90311"}],"wp:attachment":[{"href":"https:\/\/sertv.gob.pa\/nacionalfm\/wp-json\/wp\/v2\/media?parent=90310"}],"wp:term":[{"taxonomy":"category","embeddable":true,"href":"https:\/\/sertv.gob.pa\/nacionalfm\/wp-json\/wp\/v2\/categories?post=90310"},{"taxonomy":"post_tag","embeddable":true,"href":"https:\/\/sertv.gob.pa\/nacionalfm\/wp-json\/wp\/v2\/tags?post=90310"}],"curies":[{"name":"wp","href":"https:\/\/api.w.org\/{rel}","templated":true}]}}