{"id":90313,"date":"2023-08-14T18:16:34","date_gmt":"2023-08-14T18:16:34","guid":{"rendered":"https:\/\/sertv.gob.pa\/nacionalfm\/?p=90313"},"modified":"2023-08-14T18:16:34","modified_gmt":"2023-08-14T18:16:34","slug":"ya-son-96-los-muertos-en-maui-hawai-y-la-prioridad-es-buscar-a-los-cientos-de-desaparecidos","status":"publish","type":"post","link":"https:\/\/sertv.gob.pa\/nacionalfm\/ya-son-96-los-muertos-en-maui-hawai-y-la-prioridad-es-buscar-a-los-cientos-de-desaparecidos\/","title":{"rendered":"Ya son 96 los muertos en Maui (Haw\u00e1i) y la prioridad es buscar a los cientos de desaparecidos"},"content":{"rendered":"<p>Washington (EFE).- Ya son 96 las personas muertas en los incendios que han devastado la isla de Maui (Haw\u00e1i, EE.UU.) durante la \u00faltima semana, en el que se ha convertido en el fuego m\u00e1s dram\u00e1tico por el n\u00famero de v\u00edctimas en Estados Unidos en el \u00faltimo siglo, y la prioridad se centra en seguir buscando a los cientos de desaparecidos.<\/p>\n<p>Seg\u00fan las cifras publicadas este lunes por las autoridades locales, en las \u00faltimas horas han sido encontrados tres cuerpos m\u00e1s, lo que eleva el n\u00famero de fallecidos a 96, aunque se teme que lo peor est\u00e9 por llegar, porque se espera que los equipos de b\u00fasqueda, ayudados por perros especialistas, hallen muchos m\u00e1s cad\u00e1veres entre las ruinas carbonizadas de la hist\u00f3rica ciudad tur\u00edstica de Lahaina.<\/p>\n<p>Hay cientos de desaparecidos todav\u00eda, si bien en muchas zonas no hay electricidad ni cobertura de m\u00f3vil para contactar con ellos, y sus familiares y amigos se han movilizado en las redes sociales pidiendo ayuda para encontrarlos.<\/p>\n<p>De hecho, el jefe del Departamento de Polic\u00eda de Maui, John Pelletier, afirm\u00f3 en una rueda de prensa el s\u00e1bado que el proceso de b\u00fasqueda, recuperaci\u00f3n e identificaci\u00f3n a\u00fan se encuentra en su etapa inicial, por lo que el n\u00famero de muertos aumentar\u00e1 y no est\u00e1 claro d\u00f3nde terminar\u00e1.<\/p>\n","protected":false},"excerpt":{"rendered":"<p>Washington (EFE).- Ya son 96 las personas muertas en los <a href=\"https:\/\/sertv.gob.pa\/nacionalfm\/ya-son-96-los-muertos-en-maui-hawai-y-la-prioridad-es-buscar-a-los-cientos-de-desaparecidos\/\"> [&#8230;]<\/a><\/p>\n","protected":false},"author":9,"featured_media":90314,"comment_status":"closed","ping_status":"closed","sticky":false,"template":"","format":"standard","meta":{"footnotes":""},"categories":[3],"tags":[],"class_list":["post-90313","post","type-post","status-publish","format-standard","has-post-thumbnail","hentry","category-internacionales"],"_links":{"self":[{"href":"https:\/\/sertv.gob.pa\/nacionalfm\/wp-json\/wp\/v2\/posts\/90313","targetHints":{"allow":["GET"]}}],"collection":[{"href":"https:\/\/sertv.gob.pa\/nacionalfm\/wp-json\/wp\/v2\/posts"}],"about":[{"href":"https:\/\/sertv.gob.pa\/nacionalfm\/wp-json\/wp\/v2\/types\/post"}],"author":[{"embeddable":true,"href":"https:\/\/sertv.gob.pa\/nacionalfm\/wp-json\/wp\/v2\/users\/9"}],"replies":[{"embeddable":true,"href":"https:\/\/sertv.gob.pa\/nacionalfm\/wp-json\/wp\/v2\/comments?post=90313"}],"version-history":[{"count":1,"href":"https:\/\/sertv.gob.pa\/nacionalfm\/wp-json\/wp\/v2\/posts\/90313\/revisions"}],"predecessor-version":[{"id":90316,"href":"https:\/\/sertv.gob.pa\/nacionalfm\/wp-json\/wp\/v2\/posts\/90313\/revisions\/90316"}],"wp:featuredmedia":[{"embeddable":true,"href":"https:\/\/sertv.gob.pa\/nacionalfm\/wp-json\/wp\/v2\/media\/90314"}],"wp:attachment":[{"href":"https:\/\/sertv.gob.pa\/nacionalfm\/wp-json\/wp\/v2\/media?parent=90313"}],"wp:term":[{"taxonomy":"category","embeddable":true,"href":"https:\/\/sertv.gob.pa\/nacionalfm\/wp-json\/wp\/v2\/categories?post=90313"},{"taxonomy":"post_tag","embeddable":true,"href":"https:\/\/sertv.gob.pa\/nacionalfm\/wp-json\/wp\/v2\/tags?post=90313"}],"curies":[{"name":"wp","href":"https:\/\/api.w.org\/{rel}","templated":true}]}}