{"id":90317,"date":"2023-08-14T18:42:47","date_gmt":"2023-08-14T18:42:47","guid":{"rendered":"https:\/\/sertv.gob.pa\/nacionalfm\/?p=90317"},"modified":"2023-08-14T18:43:49","modified_gmt":"2023-08-14T18:43:49","slug":"italia-volcan-el-cierre-del-aeropuerto-de-catania-ampliado-hasta-manana-por-la-erupcion-del-etna","status":"publish","type":"post","link":"https:\/\/sertv.gob.pa\/nacionalfm\/italia-volcan-el-cierre-del-aeropuerto-de-catania-ampliado-hasta-manana-por-la-erupcion-del-etna\/","title":{"rendered":"ITALIA VOLC\u00c1N: El cierre del aeropuerto de Catania, ampliado hasta ma\u00f1ana por la erupci\u00f3n del Etna"},"content":{"rendered":"<p>Roma.-El volc\u00e1n Etna, situado en la isla de Sicilia (sur) y considerado el m\u00e1s activo de Europa, registr\u00f3 hoy una nueva erupci\u00f3n de lava y expuls\u00f3 tambi\u00e9n una nube de ceniza sobre la ciudad de Catania, lo que ha obligado a ampliar el cierre de su aeropuerto al menos hasta ma\u00f1ana, martes, en plena temporada alta de turismo.<\/p>\n<p>Inicialmente la suspensi\u00f3n se anunci\u00f3 hasta las 13:00 horas locales (11:00 GMT), despu\u00e9s se ampli\u00f3 hasta las 20:00 (18:00 GMT) y finalmente no llegar\u00e1 al menos hasta ma\u00f1ana, martes.<\/p>\n<p>\u201cDebido a la actividad eruptiva del Etna y a la precipitaci\u00f3n de cenizas volc\u00e1nicas, las operaciones de vuelo se suspenden hasta las 6:00 (4:00 GMT) de ma\u00f1ana. Por lo tanto, todas las llegadas y salidas est\u00e1n prohibidas\u201d, inform\u00f3 en un comunicado la gestora del aer\u00f3dromo, que pide a los pasajeros que acudan al aeropuerto solo despu\u00e9s de consultar con su compa\u00f1\u00eda a\u00e9rea.<\/p>\n<p>El cierre, en plena temporada tur\u00edstica, ha provocado un caos entre los usuarios, que ya en julio pasado sufrieron la clausura del aer\u00f3dromo durante tres semanas a ra\u00edz de un gran incendio que se desat\u00f3 en la terminal principal del edificio.<\/p>\n<p>Adem\u00e1s coincide con el inicio de las vacaciones por el 15 de agosto, que en Italia se conoce como \u201cFerragosto\u201d, cuando la isla de Sicilia es uno de los destinos favoritos de los italianos y de los extranjeros, sobre todo en verano.<\/p>\n<p>El Etna atraviesa frecuentes erupciones que suelen cubrir de ceniza las ciudades sicilianas a su alrededor, la \u00faltima en mayo pasado.<\/p>\n<p>El Instituto Nacional de Geof\u00edsica y Vulcanolog\u00eda (INGV) confirm\u00f3 la actividad, que se \u201cconvirti\u00f3 en una fuente de lava\u201d, produciendo una nube eruptiva dispersa por los vientos en direcci\u00f3n sur, adem\u00e1s de un desv\u00edo de la colada hacia el sur del cr\u00e1ter a una altitud de 2.800 metros. <em><strong>EFEverde<\/strong><\/em><\/p>\n","protected":false},"excerpt":{"rendered":"<p>Roma.-El volc\u00e1n Etna, situado en la isla de Sicilia (sur) <a href=\"https:\/\/sertv.gob.pa\/nacionalfm\/italia-volcan-el-cierre-del-aeropuerto-de-catania-ampliado-hasta-manana-por-la-erupcion-del-etna\/\"> [&#8230;]<\/a><\/p>\n","protected":false},"author":9,"featured_media":90318,"comment_status":"closed","ping_status":"closed","sticky":false,"template":"","format":"standard","meta":{"footnotes":""},"categories":[3],"tags":[],"class_list":["post-90317","post","type-post","status-publish","format-standard","has-post-thumbnail","hentry","category-internacionales"],"_links":{"self":[{"href":"https:\/\/sertv.gob.pa\/nacionalfm\/wp-json\/wp\/v2\/posts\/90317","targetHints":{"allow":["GET"]}}],"collection":[{"href":"https:\/\/sertv.gob.pa\/nacionalfm\/wp-json\/wp\/v2\/posts"}],"about":[{"href":"https:\/\/sertv.gob.pa\/nacionalfm\/wp-json\/wp\/v2\/types\/post"}],"author":[{"embeddable":true,"href":"https:\/\/sertv.gob.pa\/nacionalfm\/wp-json\/wp\/v2\/users\/9"}],"replies":[{"embeddable":true,"href":"https:\/\/sertv.gob.pa\/nacionalfm\/wp-json\/wp\/v2\/comments?post=90317"}],"version-history":[{"count":2,"href":"https:\/\/sertv.gob.pa\/nacionalfm\/wp-json\/wp\/v2\/posts\/90317\/revisions"}],"predecessor-version":[{"id":90322,"href":"https:\/\/sertv.gob.pa\/nacionalfm\/wp-json\/wp\/v2\/posts\/90317\/revisions\/90322"}],"wp:featuredmedia":[{"embeddable":true,"href":"https:\/\/sertv.gob.pa\/nacionalfm\/wp-json\/wp\/v2\/media\/90318"}],"wp:attachment":[{"href":"https:\/\/sertv.gob.pa\/nacionalfm\/wp-json\/wp\/v2\/media?parent=90317"}],"wp:term":[{"taxonomy":"category","embeddable":true,"href":"https:\/\/sertv.gob.pa\/nacionalfm\/wp-json\/wp\/v2\/categories?post=90317"},{"taxonomy":"post_tag","embeddable":true,"href":"https:\/\/sertv.gob.pa\/nacionalfm\/wp-json\/wp\/v2\/tags?post=90317"}],"curies":[{"name":"wp","href":"https:\/\/api.w.org\/{rel}","templated":true}]}}