{"id":90356,"date":"2023-08-16T17:33:36","date_gmt":"2023-08-16T17:33:36","guid":{"rendered":"https:\/\/sertv.gob.pa\/nacionalfm\/?p=90356"},"modified":"2023-08-16T17:33:36","modified_gmt":"2023-08-16T17:33:36","slug":"el-incendio-de-tenerife-supera-ya-las-800-hectareas-de-superficie-quemada","status":"publish","type":"post","link":"https:\/\/sertv.gob.pa\/nacionalfm\/el-incendio-de-tenerife-supera-ya-las-800-hectareas-de-superficie-quemada\/","title":{"rendered":"El incendio de Tenerife supera ya las 800 hect\u00e1reas de superficie quemada"},"content":{"rendered":"<p><strong><em>Santa Cruz De Tenerife (EFE).-<\/em><\/strong> La superficie afectada por el incendio forestal declarado la pasada noche en Tenerife se calcula en unas 800 hect\u00e1reas de los municipios de Arafo y Candelaria, adem\u00e1s de zonas lim\u00edtrofes en Santa \u00darsula y La Victoria, en el norte de la isla.<\/p>\n<p>En las labores de combate de las llamas participan algo m\u00e1s de 150 efectivos por tierra y 13 medios a\u00e9reos, ha informado este mi\u00e9rcoles el Centro Coordinador de Emergencias y Seguridad 112.<\/p>\n<p>Asimismo se han desplegado 60 miembros de los distintos cuerpos de seguridad y otros 40 de Cruz Roja y del Servicio de Urgencias Canario.<\/p>\n<p>El incendio se origin\u00f3 a las 23:30 horas del martes y, ante la virulencia de las llamas, el Cabildo de Tenerife solicit\u00f3 al Gobierno de Canarias la declaraci\u00f3n del nivel 2 de emergencia, de tal manera que el Ejecutivo auton\u00f3mico ha asumido la direcci\u00f3n de las tareas.<\/p>\n<p>El fuego ha obligado a varios desalojos con car\u00e1cter preventivo y la situaci\u00f3n es complicada ante la orograf\u00eda del terreno, lo que ha provocado que el Gobierno canario pida al central que movilice tres hidroaviones para sumarse a la lucha contra las llamas.<\/p>\n<p>&nbsp;<\/p>\n<p><strong>La alcaldesa de Candelaria: El agua se evapora por la potencia de las llamas<\/strong><\/p>\n<p>La alcaldesa de Candelaria, Mar\u00eda Concepci\u00f3n Brito, ha calificado este mi\u00e9rcoles de \u201cmuy grave y complicada\u201d la situaci\u00f3n provocada por el incendio forestal, pues la potencia de las llamas en algunas zonas es tal que los medios a\u00e9reos no pueden actuar, ya que el agua se evapora.<\/p>\n<p>Brito ha pedido la colaboraci\u00f3n ciudadana y ha subrayado que en el municipio est\u00e1 preparado todo el dispositivo por si hiciera falta evacuar a las personas, seg\u00fan declaraciones facilitadas por el Ayuntamiento de Candelaria.<\/p>\n<p>Los servicios municipales est\u00e1n buscando ubicaci\u00f3n en estos momentos para unos animales que hay que evacuar de Igueste y se ha pedido a una treintena de personas de las median\u00edas que abandonen el lugar.<\/p>\n","protected":false},"excerpt":{"rendered":"<p>Santa Cruz De Tenerife (EFE).- La superficie afectada por el <a href=\"https:\/\/sertv.gob.pa\/nacionalfm\/el-incendio-de-tenerife-supera-ya-las-800-hectareas-de-superficie-quemada\/\"> [&#8230;]<\/a><\/p>\n","protected":false},"author":9,"featured_media":90357,"comment_status":"closed","ping_status":"closed","sticky":false,"template":"","format":"standard","meta":{"footnotes":""},"categories":[3],"tags":[],"class_list":["post-90356","post","type-post","status-publish","format-standard","has-post-thumbnail","hentry","category-internacionales"],"_links":{"self":[{"href":"https:\/\/sertv.gob.pa\/nacionalfm\/wp-json\/wp\/v2\/posts\/90356","targetHints":{"allow":["GET"]}}],"collection":[{"href":"https:\/\/sertv.gob.pa\/nacionalfm\/wp-json\/wp\/v2\/posts"}],"about":[{"href":"https:\/\/sertv.gob.pa\/nacionalfm\/wp-json\/wp\/v2\/types\/post"}],"author":[{"embeddable":true,"href":"https:\/\/sertv.gob.pa\/nacionalfm\/wp-json\/wp\/v2\/users\/9"}],"replies":[{"embeddable":true,"href":"https:\/\/sertv.gob.pa\/nacionalfm\/wp-json\/wp\/v2\/comments?post=90356"}],"version-history":[{"count":1,"href":"https:\/\/sertv.gob.pa\/nacionalfm\/wp-json\/wp\/v2\/posts\/90356\/revisions"}],"predecessor-version":[{"id":90359,"href":"https:\/\/sertv.gob.pa\/nacionalfm\/wp-json\/wp\/v2\/posts\/90356\/revisions\/90359"}],"wp:featuredmedia":[{"embeddable":true,"href":"https:\/\/sertv.gob.pa\/nacionalfm\/wp-json\/wp\/v2\/media\/90357"}],"wp:attachment":[{"href":"https:\/\/sertv.gob.pa\/nacionalfm\/wp-json\/wp\/v2\/media?parent=90356"}],"wp:term":[{"taxonomy":"category","embeddable":true,"href":"https:\/\/sertv.gob.pa\/nacionalfm\/wp-json\/wp\/v2\/categories?post=90356"},{"taxonomy":"post_tag","embeddable":true,"href":"https:\/\/sertv.gob.pa\/nacionalfm\/wp-json\/wp\/v2\/tags?post=90356"}],"curies":[{"name":"wp","href":"https:\/\/api.w.org\/{rel}","templated":true}]}}