{"id":90395,"date":"2023-08-17T17:30:58","date_gmt":"2023-08-17T17:30:58","guid":{"rendered":"https:\/\/sertv.gob.pa\/nacionalfm\/?p=90395"},"modified":"2023-08-17T17:30:58","modified_gmt":"2023-08-17T17:30:58","slug":"rescatados-13-migrantes-flotando-en-alta-mar-desde-ayer-a-unas-40-millas-de-torrevieja","status":"publish","type":"post","link":"https:\/\/sertv.gob.pa\/nacionalfm\/rescatados-13-migrantes-flotando-en-alta-mar-desde-ayer-a-unas-40-millas-de-torrevieja\/","title":{"rendered":"Rescatados 13 migrantes flotando en alta mar desde ayer a unas 40 millas de Torrevieja"},"content":{"rendered":"<p><strong><em>\u00a0<\/em><\/strong><strong><em>Alicante, (EFE).-<\/em><\/strong> Un total de 13 personas, entre ellos un beb\u00e9 de dos meses, han sido rescatadas mientras flotaban en alta mar a unas 40 millas de Torrevieja (Alicante), despu\u00e9s de que la patera en la que viajaban volcara en la tarde de este mi\u00e9rcoles, han informado a EFE fuentes de Cruz Roja.<\/p>\n<p><strong>Sobrevivieron gracias a los chalecos salvavidas<\/strong><\/p>\n<p>Estas fuentes han explicado que, seg\u00fan el relato de los migrantes, la embarcaci\u00f3n volc\u00f3 sobre las 17.30 horas de este mi\u00e9rcoles y han podido sobrevivir gracias a los chalecos salvavidas con que contaban los trece supervivientes, aunque al menos dos personas estar\u00edan desaparecidas, seg\u00fan los migrantes.<\/p>\n<p>As\u00ed, han destacado que los trece individuos se encuentran \u201cd\u00e9biles\u201d, aunque no se teme por la vida de ninguno de ellos. No obstante, una mujer con graves quemaduras en los gl\u00fateos, su hija de unos siete a\u00f1os y el beb\u00e9 de unos dos meses -tambi\u00e9n hijo de la mujer con quemaduras- se trasladan en estos momentos al Hospital General de Alicante, debido a las heridas.<\/p>\n<p><strong>Diez hombres, dos mujeres y un beb\u00e9 de dos meses<\/strong><\/p>\n<p>Cruz Roja ha informado de que a bordo de la patera iban diez varones, adem\u00e1s de las dos mujeres y un beb\u00e9 que viajan hacia el Hospital General.<\/p>\n<p>Asimismo, han se\u00f1alado que ha sido una embarcaci\u00f3n pesquera quien ha rescatado a once de las trece personas, mientras que el helic\u00f3ptero Helimer ha rescatado a otras dos personas.<\/p>\n<p>Desde Cruz Roja han sostenido que a pesar de que la embarcaci\u00f3n hab\u00eda volcado, han podido cortar el bid\u00f3n de gasolina para poner sobre el mismo al beb\u00e9 de dos meses, que habr\u00eda podido sobrevivir de esta manera y con la ayuda de los tripulantes, que han ido haciendo sombra al beb\u00e9 para que la temperatura corporal no aumentara.<\/p>\n<p>Esta es la quinta embarcaci\u00f3n cuyos tripulantes han sido rescatados por Salvamento Mar\u00edtimo desde el pasado s\u00e1bado. Entre el s\u00e1bado y el domingo dos pateras con un total de 28 migrantes, entre ellos dos beb\u00e9s de 4 y 18 meses, llegaron a aguas de La Vilajoiosa y X\u00e0bia (Alicante); ayer una tercera con 13 hombres fue rescatada frente a las costas de Altea y hoy hab\u00eda sido rescatada otra con 14 personas a 50 millas de la costa. EFE<\/p>\n","protected":false},"excerpt":{"rendered":"<p>\u00a0Alicante, (EFE).- Un total de 13 personas, entre ellos un <a href=\"https:\/\/sertv.gob.pa\/nacionalfm\/rescatados-13-migrantes-flotando-en-alta-mar-desde-ayer-a-unas-40-millas-de-torrevieja\/\"> [&#8230;]<\/a><\/p>\n","protected":false},"author":9,"featured_media":90396,"comment_status":"closed","ping_status":"closed","sticky":false,"template":"","format":"standard","meta":{"footnotes":""},"categories":[3],"tags":[],"class_list":["post-90395","post","type-post","status-publish","format-standard","has-post-thumbnail","hentry","category-internacionales"],"_links":{"self":[{"href":"https:\/\/sertv.gob.pa\/nacionalfm\/wp-json\/wp\/v2\/posts\/90395","targetHints":{"allow":["GET"]}}],"collection":[{"href":"https:\/\/sertv.gob.pa\/nacionalfm\/wp-json\/wp\/v2\/posts"}],"about":[{"href":"https:\/\/sertv.gob.pa\/nacionalfm\/wp-json\/wp\/v2\/types\/post"}],"author":[{"embeddable":true,"href":"https:\/\/sertv.gob.pa\/nacionalfm\/wp-json\/wp\/v2\/users\/9"}],"replies":[{"embeddable":true,"href":"https:\/\/sertv.gob.pa\/nacionalfm\/wp-json\/wp\/v2\/comments?post=90395"}],"version-history":[{"count":1,"href":"https:\/\/sertv.gob.pa\/nacionalfm\/wp-json\/wp\/v2\/posts\/90395\/revisions"}],"predecessor-version":[{"id":90398,"href":"https:\/\/sertv.gob.pa\/nacionalfm\/wp-json\/wp\/v2\/posts\/90395\/revisions\/90398"}],"wp:featuredmedia":[{"embeddable":true,"href":"https:\/\/sertv.gob.pa\/nacionalfm\/wp-json\/wp\/v2\/media\/90396"}],"wp:attachment":[{"href":"https:\/\/sertv.gob.pa\/nacionalfm\/wp-json\/wp\/v2\/media?parent=90395"}],"wp:term":[{"taxonomy":"category","embeddable":true,"href":"https:\/\/sertv.gob.pa\/nacionalfm\/wp-json\/wp\/v2\/categories?post=90395"},{"taxonomy":"post_tag","embeddable":true,"href":"https:\/\/sertv.gob.pa\/nacionalfm\/wp-json\/wp\/v2\/tags?post=90395"}],"curies":[{"name":"wp","href":"https:\/\/api.w.org\/{rel}","templated":true}]}}