{"id":9041,"date":"2015-11-30T16:15:16","date_gmt":"2015-11-30T16:15:16","guid":{"rendered":""},"modified":"2015-11-30T16:15:16","modified_gmt":"2015-11-30T16:15:16","slug":"rayos-ultravioleta-enemigo-silencioso","status":"publish","type":"post","link":"https:\/\/sertv.gob.pa\/nacionalfm\/rayos-ultravioleta-enemigo-silencioso\/","title":{"rendered":"Rayos ultravioleta, enemigo silencioso"},"content":{"rendered":"<p>\nMucho se habla de los efectos que el cambio clim\u00e1tico est\u00e1 causando en el planeta y en las especies de la flora y fauna; no obstante, olvidamos que estos efectos igualmente perjudican la salud del ser humano. <\/p>\n<p>Las altas temperaturas y la sensaci\u00f3n t\u00e9rmica en el mundo se han recrudecido en los \u00faltimos a\u00f1os, as\u00ed como tambi\u00e9n los \u00edndices de rayos ultravioleta (UV). <\/p>\n<p>Para Gioconda Gaudiano, m\u00e9dica del Instituto Oncol\u00f3gico Nacional, la situaci\u00f3n es alarmante en todo el mundo y Panam\u00e1 no se escapa. <\/p>\n<p>Seg\u00fan el Departamento de Hidrometeorolog\u00eda de la Empresa de Transmisi\u00f3n El\u00e9ctrica, las temperaturas en los \u00faltimos a\u00f1os han pasado de 25 y 27 grados Celsius a 30 \u00b0C y 34 \u00b0C, mientras que la sensaci\u00f3n t\u00e9rmica se sit\u00faa en los 36 \u00b0C y 37 \u00b0C. <\/p>\n<p>El Laboratorio de F\u00edsica de la Atm\u00f3sfera de la Universidad de Panam\u00e1 ha registrado \u00edndices de radiaci\u00f3n UV de 10, 11 y hasta 16, que son considerados muy altos y extremos, de acuerdo con la Organizaci\u00f3n Mundial de la Salud (OMS). <\/p>\n<p>Estos \u00faltimos son de alto riesgo para la salud, pues ocasionan no solo quemaduras en la piel, sino que pueden provocar cataratas y c\u00e1ncer. Los especialistas recuerdan que es algo que los ciudadanos debemos tomar en cuenta porque tenemos un enemigo que no avisa sobre el da\u00f1o al que nos exponemos diariamente, indica Alfonso Pino Grael, director del Laboratorio de la UP. <\/p>\n<p>Entre las 10:00 a.m. y las 2:00 p.m. se recibe el 60% de la radiaci\u00f3n ultravioleta diaria. <\/p>\n<p>\u00a0\u00a0\u00a0\u00a0\u00a0\u00a0\u00a0\u00a0\u00a0\u00a0\u00a0\u00a0\u00a0\u00a0\u00a0\u00a0\u00a0\u00a0\u00a0\u00a0\u00a0\u00a0\u00a0\u00a0\u00a0\u00a0\u00a0\u00a0\u00a0\u00a0\u00a0\u00a0\u00a0\u00a0\u00a0\u00a0\u00a0\u00a0\u00a0\u00a0\u00a0\u00a0\u00a0\u00a0\u00a0\u00a0\u00a0\u00a0\u00a0\u00a0\u00a0\u00a0\u00a0\u00a0\u00a0\u00a0\u00a0\u00a0\u00a0\u00a0\u00a0\u00a0\u00a0\u00a0\u00a0\u00a0\u00a0\u00a0\u00a0\u00a0\u00a0\u00a0\u00a0\u00a0\u00a0\u00a0\u00a0\u00a0\u00a0\u00a0\u00a0\u00a0\u00a0\u00a0\u00a0\u00a0\u00a0\u00a0\u00a0\u00a0\u00a0\u00a0\u00a0\u00a0\u00a0\u00a0\u00a0\u00a0\u00a0\u00a0\u00a0\u00a0\u00a0\u00a0\u00a0\u00a0\u00a0\u00a0\u00a0\u00a0\u00a0\u00a0\u00a0\u00a0\u00a0\u00a0\u00a0\u00a0\u00a0\u00a0\u00a0\u00a0\u00a0\u00a0\u00a0\u00a0\u00a0\u00a0\u00a0\u00a0\u00a0\u00a0\u00a0 <\/p>\n","protected":false},"excerpt":{"rendered":"<p>Mucho se habla de los efectos que el cambio clim\u00e1tico <a href=\"https:\/\/sertv.gob.pa\/nacionalfm\/rayos-ultravioleta-enemigo-silencioso\/\"> [&#8230;]<\/a><\/p>\n","protected":false},"author":1,"featured_media":9042,"comment_status":"closed","ping_status":"closed","sticky":false,"template":"","format":"standard","meta":{"footnotes":""},"categories":[5],"tags":[],"class_list":["post-9041","post","type-post","status-publish","format-standard","has-post-thumbnail","hentry","category-salud"],"_links":{"self":[{"href":"https:\/\/sertv.gob.pa\/nacionalfm\/wp-json\/wp\/v2\/posts\/9041","targetHints":{"allow":["GET"]}}],"collection":[{"href":"https:\/\/sertv.gob.pa\/nacionalfm\/wp-json\/wp\/v2\/posts"}],"about":[{"href":"https:\/\/sertv.gob.pa\/nacionalfm\/wp-json\/wp\/v2\/types\/post"}],"author":[{"embeddable":true,"href":"https:\/\/sertv.gob.pa\/nacionalfm\/wp-json\/wp\/v2\/users\/1"}],"replies":[{"embeddable":true,"href":"https:\/\/sertv.gob.pa\/nacionalfm\/wp-json\/wp\/v2\/comments?post=9041"}],"version-history":[{"count":0,"href":"https:\/\/sertv.gob.pa\/nacionalfm\/wp-json\/wp\/v2\/posts\/9041\/revisions"}],"wp:featuredmedia":[{"embeddable":true,"href":"https:\/\/sertv.gob.pa\/nacionalfm\/wp-json\/wp\/v2\/media\/9042"}],"wp:attachment":[{"href":"https:\/\/sertv.gob.pa\/nacionalfm\/wp-json\/wp\/v2\/media?parent=9041"}],"wp:term":[{"taxonomy":"category","embeddable":true,"href":"https:\/\/sertv.gob.pa\/nacionalfm\/wp-json\/wp\/v2\/categories?post=9041"},{"taxonomy":"post_tag","embeddable":true,"href":"https:\/\/sertv.gob.pa\/nacionalfm\/wp-json\/wp\/v2\/tags?post=9041"}],"curies":[{"name":"wp","href":"https:\/\/api.w.org\/{rel}","templated":true}]}}