{"id":90435,"date":"2023-08-18T16:59:12","date_gmt":"2023-08-18T16:59:12","guid":{"rendered":"https:\/\/sertv.gob.pa\/nacionalfm\/?p=90435"},"modified":"2023-08-18T16:59:12","modified_gmt":"2023-08-18T16:59:12","slug":"dos-temblores-de-magnitud-61-y-51-se-sienten-en-el-centro-de-colombia","status":"publish","type":"post","link":"https:\/\/sertv.gob.pa\/nacionalfm\/dos-temblores-de-magnitud-61-y-51-se-sienten-en-el-centro-de-colombia\/","title":{"rendered":"Dos temblores de magnitud 6,1 y 5,1 se sienten en el centro de Colombia"},"content":{"rendered":"<p><strong><em>Bogot\u00e1 (EFE).-<\/em><\/strong> Un temblor de magnitud 5,1 se sinti\u00f3 la noche de este jueves en el centro de Colombia, ocho horas despu\u00e9s del temblor de 6,1 que estremeci\u00f3 al mediod\u00eda el pa\u00eds y dej\u00f3 una persona muerta y da\u00f1os materiales leves.<\/p>\n<p>El nuevo temblor ocurri\u00f3 a las 20.15 hora local (01.15 GMT del viernes) y tuvo como epicentro la misma regi\u00f3n del norte del departamento del Meta (centro) donde se produjo el temblor del mediod\u00eda, que fue seguido por una r\u00e9plica de magnitud 5,9, seg\u00fan el Servicio Geol\u00f3gico Colombiano.<\/p>\n<p>El epicentro de esta r\u00e9plica fue ubicado en el municipio de Restrepo, muy cercano a Bogot\u00e1, y su profundidad fue \u201csuperficial\u201d, inferior a los 30 kil\u00f3metros.<\/p>\n<p><strong>Una v\u00edctima mortal<\/strong><\/p>\n<p>El temblor del mediod\u00eda, que se sinti\u00f3 con fuerza en ciudades como Bogot\u00e1, Villavicencio y Tunja, dej\u00f3 una \u00fanica v\u00edctima a una mujer que, presa del p\u00e1nico, salt\u00f3 por la ventana de un apartamento situado en la parte alta de un edificio en la capital colombiana y muri\u00f3 al chocar con el piso.<\/p>\n<p>La alcaldesa de Bogot\u00e1, Claudia L\u00f3pez, asegur\u00f3 que en la ciudad \u201cninguno de los servicios, ni las edificaciones tuvieron afectaciones mayores, solo menores\u201d.<\/p>\n<p>Una de las afectaciones ocurri\u00f3 en el Sal\u00f3n El\u00edptico del Capitolio Nacional, en donde un roset\u00f3n que adorna la b\u00f3veda cay\u00f3 sobre la curul que ocupa el conservador Juan Carlos Wills, pero el hemiciclo estaba desocupado, por lo que no hubo da\u00f1os que lamentar.<\/p>\n<p>En la carretera entre Bogot\u00e1 y Villavicencio, la capital del Meta, hubo un cierre preventivo por deslizamientos de tierra, ya que hace un mes, una avalancha en el municipio de Quetame acab\u00f3 con una veintena de viviendas y la vida de 26 personas.<\/p>\n<p>En El Calvario (Meta), epicentro del temblor del mediod\u00eda, al menos cuatro casas sufrieron da\u00f1os considerables por el sismo, seg\u00fan las autoridades locales.<\/p>\n<p>El Servicio Geol\u00f3gico indic\u00f3 que en las dos horas posteriores al sismo principal se registraron m\u00e1s de 20 r\u00e9plicas, todas localizadas en el Meta, \u201ccon magnitudes que van desde 2,0 hasta 5,6, y con profundidades superficiales\u201d.<\/p>\n","protected":false},"excerpt":{"rendered":"<p>Bogot\u00e1 (EFE).- Un temblor de magnitud 5,1 se sinti\u00f3 la <a href=\"https:\/\/sertv.gob.pa\/nacionalfm\/dos-temblores-de-magnitud-61-y-51-se-sienten-en-el-centro-de-colombia\/\"> [&#8230;]<\/a><\/p>\n","protected":false},"author":9,"featured_media":90436,"comment_status":"closed","ping_status":"closed","sticky":false,"template":"","format":"standard","meta":{"footnotes":""},"categories":[3],"tags":[],"class_list":["post-90435","post","type-post","status-publish","format-standard","has-post-thumbnail","hentry","category-internacionales"],"_links":{"self":[{"href":"https:\/\/sertv.gob.pa\/nacionalfm\/wp-json\/wp\/v2\/posts\/90435","targetHints":{"allow":["GET"]}}],"collection":[{"href":"https:\/\/sertv.gob.pa\/nacionalfm\/wp-json\/wp\/v2\/posts"}],"about":[{"href":"https:\/\/sertv.gob.pa\/nacionalfm\/wp-json\/wp\/v2\/types\/post"}],"author":[{"embeddable":true,"href":"https:\/\/sertv.gob.pa\/nacionalfm\/wp-json\/wp\/v2\/users\/9"}],"replies":[{"embeddable":true,"href":"https:\/\/sertv.gob.pa\/nacionalfm\/wp-json\/wp\/v2\/comments?post=90435"}],"version-history":[{"count":1,"href":"https:\/\/sertv.gob.pa\/nacionalfm\/wp-json\/wp\/v2\/posts\/90435\/revisions"}],"predecessor-version":[{"id":90439,"href":"https:\/\/sertv.gob.pa\/nacionalfm\/wp-json\/wp\/v2\/posts\/90435\/revisions\/90439"}],"wp:featuredmedia":[{"embeddable":true,"href":"https:\/\/sertv.gob.pa\/nacionalfm\/wp-json\/wp\/v2\/media\/90436"}],"wp:attachment":[{"href":"https:\/\/sertv.gob.pa\/nacionalfm\/wp-json\/wp\/v2\/media?parent=90435"}],"wp:term":[{"taxonomy":"category","embeddable":true,"href":"https:\/\/sertv.gob.pa\/nacionalfm\/wp-json\/wp\/v2\/categories?post=90435"},{"taxonomy":"post_tag","embeddable":true,"href":"https:\/\/sertv.gob.pa\/nacionalfm\/wp-json\/wp\/v2\/tags?post=90435"}],"curies":[{"name":"wp","href":"https:\/\/api.w.org\/{rel}","templated":true}]}}