{"id":90502,"date":"2023-08-22T18:21:06","date_gmt":"2023-08-22T18:21:06","guid":{"rendered":"https:\/\/sertv.gob.pa\/nacionalfm\/?p=90502"},"modified":"2023-08-22T18:21:06","modified_gmt":"2023-08-22T18:21:06","slug":"aumentan-a-26-los-inmigrantes-muertos-en-los-incendios-en-el-noreste-de-grecia","status":"publish","type":"post","link":"https:\/\/sertv.gob.pa\/nacionalfm\/aumentan-a-26-los-inmigrantes-muertos-en-los-incendios-en-el-noreste-de-grecia\/","title":{"rendered":"Aumentan a 26 los inmigrantes muertos en los incendios en el noreste de Grecia"},"content":{"rendered":"<p><strong><em>Atenas, (EFE).-<\/em><\/strong> Los bomberos griegos han encontrado los cuerpos carbonizados de 26 personas, posiblemente migrantes, en el bosque de Dadia, en el noreste de Grecia y cerca de la frontera con Turqu\u00eda.<\/p>\n<p>En un primer momento se encontraron los cuerpos carbonizados de 18 personas, y poco despu\u00e9s los equipos de rescate han encontrado otro grupo de ocho personas fallecidas dentro del parque nacional de Dadia.<\/p>\n<p>Giannis Artopoios, portavoz de los bomberos, declar\u00f3 que los cuerpos hallados eran de personas que \u201cprobablemente hab\u00edan entrado de manera irregular\u201d en el pa\u00eds tras cruzar el r\u00edo Evros, fronterizo con Turqu\u00eda, y murieron en los incendios declarados en las \u00faltimas horas.<\/p>\n","protected":false},"excerpt":{"rendered":"<p>Atenas, (EFE).- Los bomberos griegos han encontrado los cuerpos carbonizados <a href=\"https:\/\/sertv.gob.pa\/nacionalfm\/aumentan-a-26-los-inmigrantes-muertos-en-los-incendios-en-el-noreste-de-grecia\/\"> [&#8230;]<\/a><\/p>\n","protected":false},"author":9,"featured_media":90503,"comment_status":"closed","ping_status":"closed","sticky":false,"template":"","format":"standard","meta":{"footnotes":""},"categories":[3],"tags":[],"class_list":["post-90502","post","type-post","status-publish","format-standard","has-post-thumbnail","hentry","category-internacionales"],"_links":{"self":[{"href":"https:\/\/sertv.gob.pa\/nacionalfm\/wp-json\/wp\/v2\/posts\/90502","targetHints":{"allow":["GET"]}}],"collection":[{"href":"https:\/\/sertv.gob.pa\/nacionalfm\/wp-json\/wp\/v2\/posts"}],"about":[{"href":"https:\/\/sertv.gob.pa\/nacionalfm\/wp-json\/wp\/v2\/types\/post"}],"author":[{"embeddable":true,"href":"https:\/\/sertv.gob.pa\/nacionalfm\/wp-json\/wp\/v2\/users\/9"}],"replies":[{"embeddable":true,"href":"https:\/\/sertv.gob.pa\/nacionalfm\/wp-json\/wp\/v2\/comments?post=90502"}],"version-history":[{"count":1,"href":"https:\/\/sertv.gob.pa\/nacionalfm\/wp-json\/wp\/v2\/posts\/90502\/revisions"}],"predecessor-version":[{"id":90506,"href":"https:\/\/sertv.gob.pa\/nacionalfm\/wp-json\/wp\/v2\/posts\/90502\/revisions\/90506"}],"wp:featuredmedia":[{"embeddable":true,"href":"https:\/\/sertv.gob.pa\/nacionalfm\/wp-json\/wp\/v2\/media\/90503"}],"wp:attachment":[{"href":"https:\/\/sertv.gob.pa\/nacionalfm\/wp-json\/wp\/v2\/media?parent=90502"}],"wp:term":[{"taxonomy":"category","embeddable":true,"href":"https:\/\/sertv.gob.pa\/nacionalfm\/wp-json\/wp\/v2\/categories?post=90502"},{"taxonomy":"post_tag","embeddable":true,"href":"https:\/\/sertv.gob.pa\/nacionalfm\/wp-json\/wp\/v2\/tags?post=90502"}],"curies":[{"name":"wp","href":"https:\/\/api.w.org\/{rel}","templated":true}]}}