{"id":90507,"date":"2023-08-22T18:32:54","date_gmt":"2023-08-22T18:32:54","guid":{"rendered":"https:\/\/sertv.gob.pa\/nacionalfm\/?p=90507"},"modified":"2023-08-22T18:32:54","modified_gmt":"2023-08-22T18:32:54","slug":"el-vertido-del-agua-tratada-de-la-central-nuclear-de-fukushima-comienza-el-24-de-agosto","status":"publish","type":"post","link":"https:\/\/sertv.gob.pa\/nacionalfm\/el-vertido-del-agua-tratada-de-la-central-nuclear-de-fukushima-comienza-el-24-de-agosto\/","title":{"rendered":"El vertido del agua tratada de la central nuclear de Fukushima comienza el 24 de agosto"},"content":{"rendered":"<p><strong><em>Tokio (EFE).-<\/em><\/strong> El vertido del agua radiactiva tratada de la accidentada central nuclear de Fukushima al oc\u00e9ano Pac\u00edfico empezar\u00e1 este jueves, 24 de agosto, anunci\u00f3 el martes el Gobierno japon\u00e9s.<\/p>\n<p>El Gobierno y la empresa propietaria de la central, Tokyo Electric Power (TEPCO), han comprobado \u201cla seguridad\u201d del vertido y por ello han decido comenzar esta misma semana con el mismo, dijo el primer ministro nip\u00f3n, Fumio Kishida, tras una reuni\u00f3n con los ministerios involucrados en la gesti\u00f3n del desastre at\u00f3mico.<\/p>\n<p>La decisi\u00f3n se produce tras la visita este pasado fin de semana del mandatario a la planta del noreste del pa\u00eds para comprobar el estado de los preparativos y tras el respaldo del Organismo Internacional de Energ\u00eda At\u00f3mica (OIEA) al plan.<\/p>\n","protected":false},"excerpt":{"rendered":"<p>Tokio (EFE).- El vertido del agua radiactiva tratada de la <a href=\"https:\/\/sertv.gob.pa\/nacionalfm\/el-vertido-del-agua-tratada-de-la-central-nuclear-de-fukushima-comienza-el-24-de-agosto\/\"> [&#8230;]<\/a><\/p>\n","protected":false},"author":9,"featured_media":90508,"comment_status":"closed","ping_status":"closed","sticky":false,"template":"","format":"standard","meta":{"footnotes":""},"categories":[3],"tags":[],"class_list":["post-90507","post","type-post","status-publish","format-standard","has-post-thumbnail","hentry","category-internacionales"],"_links":{"self":[{"href":"https:\/\/sertv.gob.pa\/nacionalfm\/wp-json\/wp\/v2\/posts\/90507","targetHints":{"allow":["GET"]}}],"collection":[{"href":"https:\/\/sertv.gob.pa\/nacionalfm\/wp-json\/wp\/v2\/posts"}],"about":[{"href":"https:\/\/sertv.gob.pa\/nacionalfm\/wp-json\/wp\/v2\/types\/post"}],"author":[{"embeddable":true,"href":"https:\/\/sertv.gob.pa\/nacionalfm\/wp-json\/wp\/v2\/users\/9"}],"replies":[{"embeddable":true,"href":"https:\/\/sertv.gob.pa\/nacionalfm\/wp-json\/wp\/v2\/comments?post=90507"}],"version-history":[{"count":1,"href":"https:\/\/sertv.gob.pa\/nacionalfm\/wp-json\/wp\/v2\/posts\/90507\/revisions"}],"predecessor-version":[{"id":90510,"href":"https:\/\/sertv.gob.pa\/nacionalfm\/wp-json\/wp\/v2\/posts\/90507\/revisions\/90510"}],"wp:featuredmedia":[{"embeddable":true,"href":"https:\/\/sertv.gob.pa\/nacionalfm\/wp-json\/wp\/v2\/media\/90508"}],"wp:attachment":[{"href":"https:\/\/sertv.gob.pa\/nacionalfm\/wp-json\/wp\/v2\/media?parent=90507"}],"wp:term":[{"taxonomy":"category","embeddable":true,"href":"https:\/\/sertv.gob.pa\/nacionalfm\/wp-json\/wp\/v2\/categories?post=90507"},{"taxonomy":"post_tag","embeddable":true,"href":"https:\/\/sertv.gob.pa\/nacionalfm\/wp-json\/wp\/v2\/tags?post=90507"}],"curies":[{"name":"wp","href":"https:\/\/api.w.org\/{rel}","templated":true}]}}