{"id":90539,"date":"2023-08-23T17:46:07","date_gmt":"2023-08-23T17:46:07","guid":{"rendered":"https:\/\/sertv.gob.pa\/nacionalfm\/?p=90539"},"modified":"2023-08-23T17:46:07","modified_gmt":"2023-08-23T17:46:07","slug":"sigue-el-alto-riesgo-de-incendios-en-grecia-en-la-ola-de-fuegos-mas-devastadora-en-15-anos-con-28-muertos","status":"publish","type":"post","link":"https:\/\/sertv.gob.pa\/nacionalfm\/sigue-el-alto-riesgo-de-incendios-en-grecia-en-la-ola-de-fuegos-mas-devastadora-en-15-anos-con-28-muertos\/","title":{"rendered":"Sigue el alto riesgo de incendios en Grecia en la ola de fuegos m\u00e1s devastadora en 15 a\u00f1os con 28 muertos"},"content":{"rendered":"<p><strong><em>Atenas (EFE).-<\/em><\/strong> Las altas temperaturas y el fuerte viento que se espera hoy en varias zonas de Grecia mantienen este mi\u00e9rcoles el alto riesgo de incendio en todo el pa\u00eds, donde desde el s\u00e1bado han ardido ya m\u00e1s de 40.000 hect\u00e1reas y han muerto 28 personas, en el verano m\u00e1s devastador de los \u00faltimos 15 a\u00f1os, seg\u00fan los expertos.<\/p>\n<p>\u201cEs seguro que, una vez que se incorporen las \u00faltimas cifras de incendios forestales a\u00fan activos, la cifra final ser\u00e1 a\u00fan mayor, con 2023 en liza para ser uno de los a\u00f1os m\u00e1s devastadores de los \u00faltimos 15 a\u00f1os en t\u00e9rminos de superficie quemada\u201d, ha declarado Thodoris Giannaros, del Observatorio meteorol\u00f3gico Nacional de Atenas, al diario Kathimerini.<\/p>\n<p>Seg\u00fan ese experto, en lo que va de a\u00f1o pueden haber ardido ya 100.000 hect\u00e1reas en todo el pa\u00eds, unas 43.000 entre el s\u00e1bado y ayer martes. El cuerpo de bomberos ha advertido esta ma\u00f1ana de que 18 regiones del pa\u00eds siguen bajo alto grado de incendios, debido a los fuertes vientos y a que las temperaturas podr\u00edan alcanzar los 43 grados en algunas zonas.<\/p>\n<p>Giannis Artopioos, portavoz de los bomberos, ha explicado que \u201cla situaci\u00f3n no tiene precedentes\u201d y ha indicado que entre el s\u00e1bado y el martes se declararon 300 incendios en todo el pa\u00eds. Cuatro personas fueron detenidas ayer acusadas de haber provocado fuegos, bien intencionadamente o por negligencia.<\/p>\n<p>&nbsp;<\/p>\n","protected":false},"excerpt":{"rendered":"<p>Atenas (EFE).- Las altas temperaturas y el fuerte viento que <a href=\"https:\/\/sertv.gob.pa\/nacionalfm\/sigue-el-alto-riesgo-de-incendios-en-grecia-en-la-ola-de-fuegos-mas-devastadora-en-15-anos-con-28-muertos\/\"> [&#8230;]<\/a><\/p>\n","protected":false},"author":9,"featured_media":90540,"comment_status":"closed","ping_status":"closed","sticky":false,"template":"","format":"standard","meta":{"footnotes":""},"categories":[3],"tags":[],"class_list":["post-90539","post","type-post","status-publish","format-standard","has-post-thumbnail","hentry","category-internacionales"],"_links":{"self":[{"href":"https:\/\/sertv.gob.pa\/nacionalfm\/wp-json\/wp\/v2\/posts\/90539","targetHints":{"allow":["GET"]}}],"collection":[{"href":"https:\/\/sertv.gob.pa\/nacionalfm\/wp-json\/wp\/v2\/posts"}],"about":[{"href":"https:\/\/sertv.gob.pa\/nacionalfm\/wp-json\/wp\/v2\/types\/post"}],"author":[{"embeddable":true,"href":"https:\/\/sertv.gob.pa\/nacionalfm\/wp-json\/wp\/v2\/users\/9"}],"replies":[{"embeddable":true,"href":"https:\/\/sertv.gob.pa\/nacionalfm\/wp-json\/wp\/v2\/comments?post=90539"}],"version-history":[{"count":1,"href":"https:\/\/sertv.gob.pa\/nacionalfm\/wp-json\/wp\/v2\/posts\/90539\/revisions"}],"predecessor-version":[{"id":90541,"href":"https:\/\/sertv.gob.pa\/nacionalfm\/wp-json\/wp\/v2\/posts\/90539\/revisions\/90541"}],"wp:featuredmedia":[{"embeddable":true,"href":"https:\/\/sertv.gob.pa\/nacionalfm\/wp-json\/wp\/v2\/media\/90540"}],"wp:attachment":[{"href":"https:\/\/sertv.gob.pa\/nacionalfm\/wp-json\/wp\/v2\/media?parent=90539"}],"wp:term":[{"taxonomy":"category","embeddable":true,"href":"https:\/\/sertv.gob.pa\/nacionalfm\/wp-json\/wp\/v2\/categories?post=90539"},{"taxonomy":"post_tag","embeddable":true,"href":"https:\/\/sertv.gob.pa\/nacionalfm\/wp-json\/wp\/v2\/tags?post=90539"}],"curies":[{"name":"wp","href":"https:\/\/api.w.org\/{rel}","templated":true}]}}