{"id":90542,"date":"2023-08-23T18:08:03","date_gmt":"2023-08-23T18:08:03","guid":{"rendered":"https:\/\/sertv.gob.pa\/nacionalfm\/?p=90542"},"modified":"2023-08-23T18:08:03","modified_gmt":"2023-08-23T18:08:03","slug":"muere-una-nina-al-incendiarse-su-bungalow-en-un-camping-de-montblanc-tarragona","status":"publish","type":"post","link":"https:\/\/sertv.gob.pa\/nacionalfm\/muere-una-nina-al-incendiarse-su-bungalow-en-un-camping-de-montblanc-tarragona\/","title":{"rendered":"Muere una ni\u00f1a al incendiarse su bungalow en un camping de Montblanc (Tarragona)"},"content":{"rendered":"<p><strong><em>Barcelona (EFE).-<\/em><\/strong> Una ni\u00f1a de ocho ha fallecido de madrugada al incendiarse un bungalow en un camping de Montblanc (Tarragona), han informado este mi\u00e9rcoles los Bomberos de la Generalitat.<\/p>\n<p>Sobre las 04.55 horas de la madrugada de este mi\u00e9rcoles se ha desatado un incendio, por causas que se est\u00e1n investigando, en el interior de un bungalow del camping Montblanc Park Capfun, donde se alojaba la familia de turistas -un padre y sus dos hijas-, procedentes de un pa\u00eds europeo que no se ha concretado, seg\u00fan han informado a EFE fuentes de los Mossos d\u2019Esquadra.<\/p>\n<p>El hombre y una de sus hijas han podido salir por su propio pie del bungalow, no as\u00ed la otra menor, de 8 a\u00f1os de edad, que ha sido encontrada sin vida en el interior del alojamiento por efectivos de los Bomberos de la Generalitat, a las 06.16 horas, cuando han extinguido las llamas y han podido acceder al interior.<\/p>\n<p>Ha sido el propio padre de la v\u00edctima el que ha comunicado a los bomberos que no encontraba a una de sus hijas y efectivos del cuerpo han realizado la b\u00fasqueda de la ni\u00f1a desde fuera, hasta que han podido acceder al interior del bungalow.<\/p>\n<p>El incendio, que se hallaba completamente desarrollado cuando han llegado los bomberos, ha quemado totalmente el bungalow donde se encontraba la menor, otro situado en las inmediaciones y un turismo, que se ha incendiado parcialmente.<\/p>\n<p>En la extinci\u00f3n del incendio han trabajado cinco dotaciones de los bomberos, con un total de 15 efectivos. Por su parte, el Sistema de Emergencias M\u00e9dicas (SEM) ha desplazado al lugar tres dotaciones y un equipo de apoyo psicol\u00f3gico para la familia de la menor fallecida, y los Mossos d\u2019Esquadra han abierto una investigaci\u00f3n para aclarar las causas del siniestro.<\/p>\n<p>&nbsp;<\/p>\n<p>&nbsp;<\/p>\n","protected":false},"excerpt":{"rendered":"<p>Barcelona (EFE).- Una ni\u00f1a de ocho ha fallecido de madrugada <a href=\"https:\/\/sertv.gob.pa\/nacionalfm\/muere-una-nina-al-incendiarse-su-bungalow-en-un-camping-de-montblanc-tarragona\/\"> [&#8230;]<\/a><\/p>\n","protected":false},"author":9,"featured_media":90543,"comment_status":"closed","ping_status":"closed","sticky":false,"template":"","format":"standard","meta":{"footnotes":""},"categories":[3],"tags":[],"class_list":["post-90542","post","type-post","status-publish","format-standard","has-post-thumbnail","hentry","category-internacionales"],"_links":{"self":[{"href":"https:\/\/sertv.gob.pa\/nacionalfm\/wp-json\/wp\/v2\/posts\/90542","targetHints":{"allow":["GET"]}}],"collection":[{"href":"https:\/\/sertv.gob.pa\/nacionalfm\/wp-json\/wp\/v2\/posts"}],"about":[{"href":"https:\/\/sertv.gob.pa\/nacionalfm\/wp-json\/wp\/v2\/types\/post"}],"author":[{"embeddable":true,"href":"https:\/\/sertv.gob.pa\/nacionalfm\/wp-json\/wp\/v2\/users\/9"}],"replies":[{"embeddable":true,"href":"https:\/\/sertv.gob.pa\/nacionalfm\/wp-json\/wp\/v2\/comments?post=90542"}],"version-history":[{"count":1,"href":"https:\/\/sertv.gob.pa\/nacionalfm\/wp-json\/wp\/v2\/posts\/90542\/revisions"}],"predecessor-version":[{"id":90546,"href":"https:\/\/sertv.gob.pa\/nacionalfm\/wp-json\/wp\/v2\/posts\/90542\/revisions\/90546"}],"wp:featuredmedia":[{"embeddable":true,"href":"https:\/\/sertv.gob.pa\/nacionalfm\/wp-json\/wp\/v2\/media\/90543"}],"wp:attachment":[{"href":"https:\/\/sertv.gob.pa\/nacionalfm\/wp-json\/wp\/v2\/media?parent=90542"}],"wp:term":[{"taxonomy":"category","embeddable":true,"href":"https:\/\/sertv.gob.pa\/nacionalfm\/wp-json\/wp\/v2\/categories?post=90542"},{"taxonomy":"post_tag","embeddable":true,"href":"https:\/\/sertv.gob.pa\/nacionalfm\/wp-json\/wp\/v2\/tags?post=90542"}],"curies":[{"name":"wp","href":"https:\/\/api.w.org\/{rel}","templated":true}]}}