{"id":90547,"date":"2023-08-23T18:28:32","date_gmt":"2023-08-23T18:28:32","guid":{"rendered":"https:\/\/sertv.gob.pa\/nacionalfm\/?p=90547"},"modified":"2023-08-23T18:28:32","modified_gmt":"2023-08-23T18:28:32","slug":"aduanas-conmemora-sus-bodas-de-cristal","status":"publish","type":"post","link":"https:\/\/sertv.gob.pa\/nacionalfm\/aduanas-conmemora-sus-bodas-de-cristal\/","title":{"rendered":"Aduanas conmemora sus \u201cBodas de Cristal\u201d"},"content":{"rendered":"<p><strong><em>La Autoridad Nacional de Aduanas de Panam\u00e1 (ANA), conmemor\u00f3 este martes 22 de agosto de 2023, \u00a015 a\u00f1os como Autoridad, comprometida en su misi\u00f3n de facilitadora del comercio mundial, recaudando los tributos eficientemente, participando en la seguridad nacional y fomentando el desarrollo sostenible del pa\u00eds.<\/em><\/strong><\/p>\n<p>En materia de recaudaci\u00f3n por gesti\u00f3n aduanera en lo que va de enero a julio de 2023, la cifra asciende a B\/. 798,150,718, mientras que, en materia de retenci\u00f3n de cigarrillos por presunto contrabando a nivel nacional, la cifra en valor CIF, es de unos B\/.5,037,743.11, de igual manera se han remitido 5 expedientes al Ministerio Publico por este hecho valorados en B\/. 4,507,439.77.<\/p>\n<p><strong><em>A lo largo de esta administraci\u00f3n, la Autoridad Nacional de Aduanas, que est\u00e1 bajo la gesti\u00f3n de la magister, Tayra Ivonne Barsallo Z., se ha caracterizado por ser sin\u00f3nimo de vanguardia tecnol\u00f3gica, un ente que hace frente al contrabando y un soporte al patrimonio nacional al recaudar impuestos.<\/em><\/strong><\/p>\n<p><strong><em>Como ejemplo de una era global, se ha ido trabajando en conjunto con la hermana rep\u00fablica de Costa Rica, el Programa de Integraci\u00f3n Log\u00edstica Aduanera (PILA), que ser\u00e1 un antes y despu\u00e9s, en el \u00e1mbito log\u00edstico facilitando el tr\u00e1nsito de insumos y personas, que ingresen por la v\u00eda terrestre.<\/em><\/strong><\/p>\n<p><strong>El PILA, que es financiando por el Banco Interamericano de Desarrollo (BID) a un costo de 75 millones de d\u00f3lares, ser\u00e1 un ejemplo de la integraci\u00f3n de las Aduanas en plena era global, que permitir\u00e1 el trabajo interinstitucional para hacer posible la trazabilidad de los transportes.<\/strong><\/p>\n<p>En ese sentido, se logr\u00f3 desarrollar bajo la coordinaci\u00f3n de la Organizaci\u00f3n Mundial de Aduanas, un Estudio de Tiempo de Despacho, que permiti\u00f3 medir el tiempo real requerido para el levante y\/o despacho de mercanc\u00edas, desde el momento del arribo hasta el levante f\u00edsico y retiro de la carga por los puntos terrestres fronterizo de Paso Canoas y Guabito.<\/p>\n<p>Este estudio, permiti\u00f3 establecer un plan de 16 acciones nacionales, una acci\u00f3n binacional y diez recomendaciones al Comit\u00e9 Aduanero Centroamericano.<\/p>\n<p><strong><em>La actual administraci\u00f3n, puso en marcha el Portal Tecnol\u00f3gico de Comercio Exterior y Log\u00edstica conocido como: PORTCEL, que facilitar\u00e1 el trabajo con el sector naviero tanto como mar\u00edtimo y que busca esa escala evolutiva con el comercio exterior para incrementar la competitividad de Panam\u00e1 en uno de sus rubros de mayor trayectoria hist\u00f3rica como es el mercante.<\/em><\/strong><\/p>\n<p>En temas de seguridad, se ha logrado establecer un Centro de Monitoreo, Control y videogilancia aduanera para la toma de decisiones, el cual contempla la instalaci\u00f3n de 16 esc\u00e1neres a nivel nacional que ser\u00e1n monitoreados desde ese centro, que concentrar\u00e1 toda la informaci\u00f3n de seguimiento, control y escrutinio de la carga y personas sujeto a la jurisdicci\u00f3n del pa\u00eds.<\/p>\n<p><strong><em>Entre los logros alcanzados en este a\u00f1o, fue establecer un ajuste salarial progresivo a todos los funcionarios que est\u00e1n en el rango entre los 700 y 900 d\u00f3lares a partir de 1 de julio de 2023 y en el a\u00f1o 2024 entrar\u00e1n con un salario base de 950 d\u00f3lares.<\/em><\/strong><\/p>\n<p>En cuanto a sus capacitaciones, est\u00e1n en constante actualizaci\u00f3n con los estamentos de seguridad, embajadas y diversas instituciones para ser m\u00e1s competitivos en un mundo lleno de retos diarios, entre otros.<\/p>\n<p><em>\u00a0<\/em><\/p>\n<p>Fuente: ANA<\/p>\n","protected":false},"excerpt":{"rendered":"<p>La Autoridad Nacional de Aduanas de Panam\u00e1 (ANA), conmemor\u00f3 este <a href=\"https:\/\/sertv.gob.pa\/nacionalfm\/aduanas-conmemora-sus-bodas-de-cristal\/\"> [&#8230;]<\/a><\/p>\n","protected":false},"author":9,"featured_media":90548,"comment_status":"closed","ping_status":"closed","sticky":false,"template":"","format":"standard","meta":{"footnotes":""},"categories":[2],"tags":[],"class_list":["post-90547","post","type-post","status-publish","format-standard","has-post-thumbnail","hentry","category-nacionales"],"_links":{"self":[{"href":"https:\/\/sertv.gob.pa\/nacionalfm\/wp-json\/wp\/v2\/posts\/90547","targetHints":{"allow":["GET"]}}],"collection":[{"href":"https:\/\/sertv.gob.pa\/nacionalfm\/wp-json\/wp\/v2\/posts"}],"about":[{"href":"https:\/\/sertv.gob.pa\/nacionalfm\/wp-json\/wp\/v2\/types\/post"}],"author":[{"embeddable":true,"href":"https:\/\/sertv.gob.pa\/nacionalfm\/wp-json\/wp\/v2\/users\/9"}],"replies":[{"embeddable":true,"href":"https:\/\/sertv.gob.pa\/nacionalfm\/wp-json\/wp\/v2\/comments?post=90547"}],"version-history":[{"count":1,"href":"https:\/\/sertv.gob.pa\/nacionalfm\/wp-json\/wp\/v2\/posts\/90547\/revisions"}],"predecessor-version":[{"id":90550,"href":"https:\/\/sertv.gob.pa\/nacionalfm\/wp-json\/wp\/v2\/posts\/90547\/revisions\/90550"}],"wp:featuredmedia":[{"embeddable":true,"href":"https:\/\/sertv.gob.pa\/nacionalfm\/wp-json\/wp\/v2\/media\/90548"}],"wp:attachment":[{"href":"https:\/\/sertv.gob.pa\/nacionalfm\/wp-json\/wp\/v2\/media?parent=90547"}],"wp:term":[{"taxonomy":"category","embeddable":true,"href":"https:\/\/sertv.gob.pa\/nacionalfm\/wp-json\/wp\/v2\/categories?post=90547"},{"taxonomy":"post_tag","embeddable":true,"href":"https:\/\/sertv.gob.pa\/nacionalfm\/wp-json\/wp\/v2\/tags?post=90547"}],"curies":[{"name":"wp","href":"https:\/\/api.w.org\/{rel}","templated":true}]}}