{"id":9055,"date":"2015-11-30T18:55:41","date_gmt":"2015-11-30T18:55:41","guid":{"rendered":""},"modified":"2015-11-30T18:55:41","modified_gmt":"2015-11-30T18:55:41","slug":"retiro-voluntario-de-farmaco-informa-minsa","status":"publish","type":"post","link":"https:\/\/sertv.gob.pa\/nacionalfm\/retiro-voluntario-de-farmaco-informa-minsa\/","title":{"rendered":"Retiro voluntario de f\u00e1rmaco, informa Minsa"},"content":{"rendered":"<p>\nLa Direcci\u00f3n de Farmacias y Drogas del Ministerio de Salud (Minsa) dio a conocer del retiro voluntario de los lotes del f\u00e1rmaco conocido como Bravelle 75 uI polvo liofilizado para soluci\u00f3n inyectable, por parte del fabricante, Laboratorio Ferring GmbH de Alemania. <\/p>\n<p>El medicamento est\u00e1 indicado para el tratamiento de esterilidad en mujeres en las siguientes situaciones cl\u00ednicas: anovulaci\u00f3n (incluyendo s\u00edndrome de ovario poliqu\u00edstico (SOPQ) y en mujeres que no han respondido al tratamiento con citrato de clomifeno. <\/p>\n<p>Seg\u00fan inform\u00f3 el regulador oficial de medicamentos, el retiro no tiene que ver con efectos adversos en la salud de los pacientes, sino con la falta de acci\u00f3n terap\u00e9utica del producto. <\/p>\n<p>El retiro del producto, que se vende en Panam\u00e1, se da luego de estudios llevados a cabo en Estados Unidos y Canad\u00e1 que determinaron par\u00e1metros irregulares con la eficacia del producto en relaci\u00f3n con su vida \u00fatil. <\/p>\n<p>Farmacias y Drogas solicit\u00f3 a los pacientes que gestionen con sus m\u00e9dicos la devoluci\u00f3n del producto. <\/p>\n<p>\u00a0 <\/p>\n","protected":false},"excerpt":{"rendered":"<p>La Direcci\u00f3n de Farmacias y Drogas del Ministerio de Salud <a href=\"https:\/\/sertv.gob.pa\/nacionalfm\/retiro-voluntario-de-farmaco-informa-minsa\/\"> [&#8230;]<\/a><\/p>\n","protected":false},"author":1,"featured_media":9056,"comment_status":"closed","ping_status":"closed","sticky":false,"template":"","format":"standard","meta":{"footnotes":""},"categories":[5],"tags":[],"class_list":["post-9055","post","type-post","status-publish","format-standard","has-post-thumbnail","hentry","category-salud"],"_links":{"self":[{"href":"https:\/\/sertv.gob.pa\/nacionalfm\/wp-json\/wp\/v2\/posts\/9055","targetHints":{"allow":["GET"]}}],"collection":[{"href":"https:\/\/sertv.gob.pa\/nacionalfm\/wp-json\/wp\/v2\/posts"}],"about":[{"href":"https:\/\/sertv.gob.pa\/nacionalfm\/wp-json\/wp\/v2\/types\/post"}],"author":[{"embeddable":true,"href":"https:\/\/sertv.gob.pa\/nacionalfm\/wp-json\/wp\/v2\/users\/1"}],"replies":[{"embeddable":true,"href":"https:\/\/sertv.gob.pa\/nacionalfm\/wp-json\/wp\/v2\/comments?post=9055"}],"version-history":[{"count":0,"href":"https:\/\/sertv.gob.pa\/nacionalfm\/wp-json\/wp\/v2\/posts\/9055\/revisions"}],"wp:featuredmedia":[{"embeddable":true,"href":"https:\/\/sertv.gob.pa\/nacionalfm\/wp-json\/wp\/v2\/media\/9056"}],"wp:attachment":[{"href":"https:\/\/sertv.gob.pa\/nacionalfm\/wp-json\/wp\/v2\/media?parent=9055"}],"wp:term":[{"taxonomy":"category","embeddable":true,"href":"https:\/\/sertv.gob.pa\/nacionalfm\/wp-json\/wp\/v2\/categories?post=9055"},{"taxonomy":"post_tag","embeddable":true,"href":"https:\/\/sertv.gob.pa\/nacionalfm\/wp-json\/wp\/v2\/tags?post=9055"}],"curies":[{"name":"wp","href":"https:\/\/api.w.org\/{rel}","templated":true}]}}