{"id":90593,"date":"2023-08-24T17:24:45","date_gmt":"2023-08-24T17:24:45","guid":{"rendered":"https:\/\/sertv.gob.pa\/nacionalfm\/?p=90593"},"modified":"2023-08-24T17:24:45","modified_gmt":"2023-08-24T17:24:45","slug":"comienza-el-vertido-de-agua-tratada-de-fukushima-mientras-siguen-las-protestas-dentro-y-fuera-del-pais","status":"publish","type":"post","link":"https:\/\/sertv.gob.pa\/nacionalfm\/comienza-el-vertido-de-agua-tratada-de-fukushima-mientras-siguen-las-protestas-dentro-y-fuera-del-pais\/","title":{"rendered":"Comienza el vertido de agua tratada de Fukushima mientras siguen las protestas dentro y fuera del pa\u00eds"},"content":{"rendered":"<p><strong><em>Tokio (EFE).-<\/em><\/strong> Jap\u00f3n comenz\u00f3 este jueves a verter al Pac\u00edfico agua contaminada procedente de la accidentada planta nuclear de Fukushima tras ser tratada para retirarle la mayor parte de residuos radiactivos, un proceso que se prolongar\u00e1 durante varias d\u00e9cadas y que sigue generando protestas dentro y fuera del pa\u00eds.<\/p>\n<p>China suspendi\u00f3 la importaci\u00f3n de productos acu\u00e1ticos de origen japon\u00e9s a partir del 24 de agosto de 2023, inform\u00f3 la Administraci\u00f3n General de Aduanas del gigante asi\u00e1tico.<\/p>\n<p>La medida se ha tomado \u201cpara prevenir el riesgo de contaminaci\u00f3n radiactiva de los productos acu\u00e1ticos japoneses debido al vertido al Pac\u00edfico del agua contaminada procedente de la accidentada central nuclear de Fukushima\u201d, especifica el organismo en un comunicado.<\/p>\n<p>El vertido comenz\u00f3 sobre las 13 horas de hoy (4:00 GMT) despu\u00e9s de que se realizaran las \u00faltimas comprobaciones en cuanto a las bombas de agua y se abrieran algunas v\u00e1lvulas de forma manual, seg\u00fan anunci\u00f3 la empresa responsable de la accidentada central, TEPCO.<\/p>\n<p>\u201cCada proceso debe realizarse con mucha firmeza. Bajo la gu\u00eda del Gobierno, cumpliremos nuestra responsabilidad\u201d, dijo Junichi Matsumoto, responsable de la iniciativa, en una rueda de prensa donde tambi\u00e9n explic\u00f3 que el vertido se parar\u00eda si se detectaba alg\u00fan tipo de anomal\u00eda.<\/p>\n","protected":false},"excerpt":{"rendered":"<p>Tokio (EFE).- Jap\u00f3n comenz\u00f3 este jueves a verter al Pac\u00edfico <a href=\"https:\/\/sertv.gob.pa\/nacionalfm\/comienza-el-vertido-de-agua-tratada-de-fukushima-mientras-siguen-las-protestas-dentro-y-fuera-del-pais\/\"> [&#8230;]<\/a><\/p>\n","protected":false},"author":9,"featured_media":90594,"comment_status":"closed","ping_status":"closed","sticky":false,"template":"","format":"standard","meta":{"footnotes":""},"categories":[3],"tags":[],"class_list":["post-90593","post","type-post","status-publish","format-standard","has-post-thumbnail","hentry","category-internacionales"],"_links":{"self":[{"href":"https:\/\/sertv.gob.pa\/nacionalfm\/wp-json\/wp\/v2\/posts\/90593","targetHints":{"allow":["GET"]}}],"collection":[{"href":"https:\/\/sertv.gob.pa\/nacionalfm\/wp-json\/wp\/v2\/posts"}],"about":[{"href":"https:\/\/sertv.gob.pa\/nacionalfm\/wp-json\/wp\/v2\/types\/post"}],"author":[{"embeddable":true,"href":"https:\/\/sertv.gob.pa\/nacionalfm\/wp-json\/wp\/v2\/users\/9"}],"replies":[{"embeddable":true,"href":"https:\/\/sertv.gob.pa\/nacionalfm\/wp-json\/wp\/v2\/comments?post=90593"}],"version-history":[{"count":1,"href":"https:\/\/sertv.gob.pa\/nacionalfm\/wp-json\/wp\/v2\/posts\/90593\/revisions"}],"predecessor-version":[{"id":90596,"href":"https:\/\/sertv.gob.pa\/nacionalfm\/wp-json\/wp\/v2\/posts\/90593\/revisions\/90596"}],"wp:featuredmedia":[{"embeddable":true,"href":"https:\/\/sertv.gob.pa\/nacionalfm\/wp-json\/wp\/v2\/media\/90594"}],"wp:attachment":[{"href":"https:\/\/sertv.gob.pa\/nacionalfm\/wp-json\/wp\/v2\/media?parent=90593"}],"wp:term":[{"taxonomy":"category","embeddable":true,"href":"https:\/\/sertv.gob.pa\/nacionalfm\/wp-json\/wp\/v2\/categories?post=90593"},{"taxonomy":"post_tag","embeddable":true,"href":"https:\/\/sertv.gob.pa\/nacionalfm\/wp-json\/wp\/v2\/tags?post=90593"}],"curies":[{"name":"wp","href":"https:\/\/api.w.org\/{rel}","templated":true}]}}