{"id":90629,"date":"2023-08-25T17:39:43","date_gmt":"2023-08-25T17:39:43","guid":{"rendered":"https:\/\/sertv.gob.pa\/nacionalfm\/?p=90629"},"modified":"2023-08-25T17:39:43","modified_gmt":"2023-08-25T17:39:43","slug":"la-operadora-de-fukushima-asegura-que-la-radicacion-en-aguas-marinas-es-inferior-a-los-limites-legales-tras-su-vertido","status":"publish","type":"post","link":"https:\/\/sertv.gob.pa\/nacionalfm\/la-operadora-de-fukushima-asegura-que-la-radicacion-en-aguas-marinas-es-inferior-a-los-limites-legales-tras-su-vertido\/","title":{"rendered":"La operadora de Fukushima asegura que la radicaci\u00f3n en aguas marinas es inferior a los l\u00edmites legales tras su vertido"},"content":{"rendered":"<p><strong><em>Tokio (EFE).- <\/em><\/strong>Tokyo Electric Power (TEPCO), la operadora de la accidentada planta de Fukushima, asegur\u00f3 hoy que los niveles radioactivos en aguas marinas derivados del vertido que comenz\u00f3 en la v\u00edspera se encuentran \u201cpor debajo\u201d del tope legal.<\/p>\n<p>\u201cEstamos analizando el agua diluida en el mar y podemos confirmar que (el nivel de radiactividad emanado por tritio) se encuentra por debajo de los 1.500 becquereles por litro\u201d, explic\u00f3 hoy un portavoz de TEPCO, quien a\u00f1adi\u00f3 que se continuar\u00e1 con los an\u00e1lisis diarios durante un mes entero y posteriormente a una frecuencia menor.<\/p>\n<p>Las palabras del responsable de TEPCO se producen despu\u00e9s de que Jap\u00f3n comenzara este jueves a verter al Pac\u00edfico agua contaminada procedente de la accidentada planta nuclear de Fukushima tras ser tratada para retirarle la mayor parte de residuos radiactivos, un proceso que se prolongar\u00e1 durante varias d\u00e9cadas y que sigue generando protestas dentro y fuera del pa\u00eds.<\/p>\n","protected":false},"excerpt":{"rendered":"<p>Tokio (EFE).- Tokyo Electric Power (TEPCO), la operadora de la <a href=\"https:\/\/sertv.gob.pa\/nacionalfm\/la-operadora-de-fukushima-asegura-que-la-radicacion-en-aguas-marinas-es-inferior-a-los-limites-legales-tras-su-vertido\/\"> [&#8230;]<\/a><\/p>\n","protected":false},"author":9,"featured_media":90630,"comment_status":"closed","ping_status":"closed","sticky":false,"template":"","format":"standard","meta":{"footnotes":""},"categories":[3],"tags":[],"class_list":["post-90629","post","type-post","status-publish","format-standard","has-post-thumbnail","hentry","category-internacionales"],"_links":{"self":[{"href":"https:\/\/sertv.gob.pa\/nacionalfm\/wp-json\/wp\/v2\/posts\/90629","targetHints":{"allow":["GET"]}}],"collection":[{"href":"https:\/\/sertv.gob.pa\/nacionalfm\/wp-json\/wp\/v2\/posts"}],"about":[{"href":"https:\/\/sertv.gob.pa\/nacionalfm\/wp-json\/wp\/v2\/types\/post"}],"author":[{"embeddable":true,"href":"https:\/\/sertv.gob.pa\/nacionalfm\/wp-json\/wp\/v2\/users\/9"}],"replies":[{"embeddable":true,"href":"https:\/\/sertv.gob.pa\/nacionalfm\/wp-json\/wp\/v2\/comments?post=90629"}],"version-history":[{"count":1,"href":"https:\/\/sertv.gob.pa\/nacionalfm\/wp-json\/wp\/v2\/posts\/90629\/revisions"}],"predecessor-version":[{"id":90631,"href":"https:\/\/sertv.gob.pa\/nacionalfm\/wp-json\/wp\/v2\/posts\/90629\/revisions\/90631"}],"wp:featuredmedia":[{"embeddable":true,"href":"https:\/\/sertv.gob.pa\/nacionalfm\/wp-json\/wp\/v2\/media\/90630"}],"wp:attachment":[{"href":"https:\/\/sertv.gob.pa\/nacionalfm\/wp-json\/wp\/v2\/media?parent=90629"}],"wp:term":[{"taxonomy":"category","embeddable":true,"href":"https:\/\/sertv.gob.pa\/nacionalfm\/wp-json\/wp\/v2\/categories?post=90629"},{"taxonomy":"post_tag","embeddable":true,"href":"https:\/\/sertv.gob.pa\/nacionalfm\/wp-json\/wp\/v2\/tags?post=90629"}],"curies":[{"name":"wp","href":"https:\/\/api.w.org\/{rel}","templated":true}]}}