{"id":90632,"date":"2023-08-25T17:54:21","date_gmt":"2023-08-25T17:54:21","guid":{"rendered":"https:\/\/sertv.gob.pa\/nacionalfm\/?p=90632"},"modified":"2023-08-25T17:54:21","modified_gmt":"2023-08-25T17:54:21","slug":"ecuador-el-nino-la-temperatura-del-mar-en-el-pacifico-oriental-sigue-33-grados-por-encima-del-promedio","status":"publish","type":"post","link":"https:\/\/sertv.gob.pa\/nacionalfm\/ecuador-el-nino-la-temperatura-del-mar-en-el-pacifico-oriental-sigue-33-grados-por-encima-del-promedio\/","title":{"rendered":"Ecuador El Ni\u00f1o: La temperatura del mar en el Pac\u00edfico Oriental sigue 3,3 grados por encima del promedio"},"content":{"rendered":"<p><strong><em>Quito (EFEverde).- La temperatura superficial del mar en el Pac\u00edfico Oriental sigue con anomal\u00edas de hasta 3,3 grados cent\u00edgrados por encima del promedio, lo que hace que se mantengan las altas probabilidades de un nuevo episodio del fen\u00f3meno clim\u00e1tico de El Ni\u00f1o en las costas de Sudam\u00e9rica.<\/em><\/strong><\/p>\n<p>As\u00ed lo ha advertido este jueves el Comit\u00e9 Nacional de\u00a0Ecuador\u00a0del Estudio Regional del Fen\u00f3meno de El Ni\u00f1o (Erfen), tras su reuni\u00f3n semanal donde ha analizado las condiciones oceanogr\u00e1ficas y atmosf\u00e9ricas de los \u00faltimos d\u00edas.<\/p>\n<p><strong><em>Temperaturas m\u00e1s altas de lo normal en el Pac\u00edfico<\/em><\/strong><\/p>\n<p>Mientras en el Pac\u00edfico Oriental la temperatura superficial del mar es superior en 3,3 grados al promedio hist\u00f3rico para estas fechas, en el Pac\u00edfico Central esta anomal\u00eda es de 1,3 grados por encima de lo habitual.<\/p>\n<p>El desplazamiento de las ondas Kelvin, que pueden intensificar el fen\u00f3meno, contin\u00faa, \u201cy se espera que llegue a la costa de\u00a0Ecuador\u00a0a fines de septiembre\u201d, seg\u00fan ha previsto el comit\u00e9 ecuatoriano del Erfen.<\/p>\n","protected":false},"excerpt":{"rendered":"<p>Quito (EFEverde).- La temperatura superficial del mar en el Pac\u00edfico <a href=\"https:\/\/sertv.gob.pa\/nacionalfm\/ecuador-el-nino-la-temperatura-del-mar-en-el-pacifico-oriental-sigue-33-grados-por-encima-del-promedio\/\"> [&#8230;]<\/a><\/p>\n","protected":false},"author":9,"featured_media":90633,"comment_status":"closed","ping_status":"closed","sticky":false,"template":"","format":"standard","meta":{"footnotes":""},"categories":[3],"tags":[],"class_list":["post-90632","post","type-post","status-publish","format-standard","has-post-thumbnail","hentry","category-internacionales"],"_links":{"self":[{"href":"https:\/\/sertv.gob.pa\/nacionalfm\/wp-json\/wp\/v2\/posts\/90632","targetHints":{"allow":["GET"]}}],"collection":[{"href":"https:\/\/sertv.gob.pa\/nacionalfm\/wp-json\/wp\/v2\/posts"}],"about":[{"href":"https:\/\/sertv.gob.pa\/nacionalfm\/wp-json\/wp\/v2\/types\/post"}],"author":[{"embeddable":true,"href":"https:\/\/sertv.gob.pa\/nacionalfm\/wp-json\/wp\/v2\/users\/9"}],"replies":[{"embeddable":true,"href":"https:\/\/sertv.gob.pa\/nacionalfm\/wp-json\/wp\/v2\/comments?post=90632"}],"version-history":[{"count":1,"href":"https:\/\/sertv.gob.pa\/nacionalfm\/wp-json\/wp\/v2\/posts\/90632\/revisions"}],"predecessor-version":[{"id":90635,"href":"https:\/\/sertv.gob.pa\/nacionalfm\/wp-json\/wp\/v2\/posts\/90632\/revisions\/90635"}],"wp:featuredmedia":[{"embeddable":true,"href":"https:\/\/sertv.gob.pa\/nacionalfm\/wp-json\/wp\/v2\/media\/90633"}],"wp:attachment":[{"href":"https:\/\/sertv.gob.pa\/nacionalfm\/wp-json\/wp\/v2\/media?parent=90632"}],"wp:term":[{"taxonomy":"category","embeddable":true,"href":"https:\/\/sertv.gob.pa\/nacionalfm\/wp-json\/wp\/v2\/categories?post=90632"},{"taxonomy":"post_tag","embeddable":true,"href":"https:\/\/sertv.gob.pa\/nacionalfm\/wp-json\/wp\/v2\/tags?post=90632"}],"curies":[{"name":"wp","href":"https:\/\/api.w.org\/{rel}","templated":true}]}}