{"id":90681,"date":"2023-08-28T18:23:56","date_gmt":"2023-08-28T18:23:56","guid":{"rendered":"https:\/\/sertv.gob.pa\/nacionalfm\/?p=90681"},"modified":"2023-08-28T18:23:56","modified_gmt":"2023-08-28T18:23:56","slug":"franklin-es-el-primer-huracan-de-categoria-mayor-de-2023-en-el-atlantico","status":"publish","type":"post","link":"https:\/\/sertv.gob.pa\/nacionalfm\/franklin-es-el-primer-huracan-de-categoria-mayor-de-2023-en-el-atlantico\/","title":{"rendered":"Franklin es el primer hurac\u00e1n de categor\u00eda mayor de 2023 en el Atl\u00e1ntico"},"content":{"rendered":"<p><strong><em>Miami, (EFE).-<\/em><\/strong> El hurac\u00e1n Franklin, con vientos m\u00e1ximos sostenidos de 145 millas por hora (230 km\/h), se convirti\u00f3 este lunes en el primero con categor\u00eda mayor de la temporada cicl\u00f3nica en el Atl\u00e1ntico, pero no presenta por ahora amenaza para tierra.<\/p>\n<p>El Centro Nacional de Huracanes (NHC, por sus siglas en ingl\u00e9s) de EE.UU. dio cuenta del fortalecimiento de este hurac\u00e1n, ahora de categor\u00eda 4 de la escala Saffir-Simpson (de 5), y de la posibilidad de condiciones de tormenta tropical en las islas Bermudas (territorio del Reino Unido) el mi\u00e9rcoles.<\/p>\n<p>Franklin, que la semana pasada toc\u00f3 tierra como tormenta tropical en el sur de Rep\u00fablica Dominicana, donde descarg\u00f3 lluvias intensas que provocaron inundaciones y desbordamientos, estaba a mediod\u00eda de este lunes a 440 millas (710 km) al norte de la isla Gran Turca (Turcas y Caicos) y a 480 millas (770 km) al suroeste de Bermuda.<\/p>\n<p>El hurac\u00e1n se mueve hacia el norte a 9 m\/h (15 km\/h) y se espera un giro gradual hacia el norte y norte-noreste con una velocidad de traslaci\u00f3n ligeramente m\u00e1s r\u00e1pida durante los pr\u00f3ximos d\u00edas.<\/p>\n<p>El NHC pronostic\u00f3 alg\u00fan fortalecimiento adicional hasta que a partir del martes por la tarde comience un debilitamiento gradual.<\/p>\n<p>&nbsp;<\/p>\n","protected":false},"excerpt":{"rendered":"<p>Miami, (EFE).- El hurac\u00e1n Franklin, con vientos m\u00e1ximos sostenidos de <a href=\"https:\/\/sertv.gob.pa\/nacionalfm\/franklin-es-el-primer-huracan-de-categoria-mayor-de-2023-en-el-atlantico\/\"> [&#8230;]<\/a><\/p>\n","protected":false},"author":9,"featured_media":90682,"comment_status":"closed","ping_status":"closed","sticky":false,"template":"","format":"standard","meta":{"footnotes":""},"categories":[3],"tags":[],"class_list":["post-90681","post","type-post","status-publish","format-standard","has-post-thumbnail","hentry","category-internacionales"],"_links":{"self":[{"href":"https:\/\/sertv.gob.pa\/nacionalfm\/wp-json\/wp\/v2\/posts\/90681","targetHints":{"allow":["GET"]}}],"collection":[{"href":"https:\/\/sertv.gob.pa\/nacionalfm\/wp-json\/wp\/v2\/posts"}],"about":[{"href":"https:\/\/sertv.gob.pa\/nacionalfm\/wp-json\/wp\/v2\/types\/post"}],"author":[{"embeddable":true,"href":"https:\/\/sertv.gob.pa\/nacionalfm\/wp-json\/wp\/v2\/users\/9"}],"replies":[{"embeddable":true,"href":"https:\/\/sertv.gob.pa\/nacionalfm\/wp-json\/wp\/v2\/comments?post=90681"}],"version-history":[{"count":1,"href":"https:\/\/sertv.gob.pa\/nacionalfm\/wp-json\/wp\/v2\/posts\/90681\/revisions"}],"predecessor-version":[{"id":90685,"href":"https:\/\/sertv.gob.pa\/nacionalfm\/wp-json\/wp\/v2\/posts\/90681\/revisions\/90685"}],"wp:featuredmedia":[{"embeddable":true,"href":"https:\/\/sertv.gob.pa\/nacionalfm\/wp-json\/wp\/v2\/media\/90682"}],"wp:attachment":[{"href":"https:\/\/sertv.gob.pa\/nacionalfm\/wp-json\/wp\/v2\/media?parent=90681"}],"wp:term":[{"taxonomy":"category","embeddable":true,"href":"https:\/\/sertv.gob.pa\/nacionalfm\/wp-json\/wp\/v2\/categories?post=90681"},{"taxonomy":"post_tag","embeddable":true,"href":"https:\/\/sertv.gob.pa\/nacionalfm\/wp-json\/wp\/v2\/tags?post=90681"}],"curies":[{"name":"wp","href":"https:\/\/api.w.org\/{rel}","templated":true}]}}