{"id":90689,"date":"2023-08-28T19:26:28","date_gmt":"2023-08-28T19:26:28","guid":{"rendered":"https:\/\/sertv.gob.pa\/nacionalfm\/?p=90689"},"modified":"2023-08-28T19:26:28","modified_gmt":"2023-08-28T19:26:28","slug":"mas-de-600-jovenes-participaron-en-el-festival-juvenil-transformando-mentes","status":"publish","type":"post","link":"https:\/\/sertv.gob.pa\/nacionalfm\/mas-de-600-jovenes-participaron-en-el-festival-juvenil-transformando-mentes\/","title":{"rendered":"M\u00e1s de 600 j\u00f3venes participaron en el \u201cFestival Juvenil Transformando Mentes\u201d"},"content":{"rendered":"<p>Como parte de las actividades del cierre del Mes Internacional de la Juventud, el Ministerio de Desarrollo Social de Panam\u00e1 (MIDES), a trav\u00e9s de la Coordinaci\u00f3n Nacional de Programas y Proyectos de Juventud, organiz\u00f3 el <strong><em>Festival Juvenil Transformando Mentes<\/em><\/strong> en el Centro de Convenciones ATLAPA, donde m\u00e1s de 600 j\u00f3venes de diferentes puntos del pa\u00eds asistieron y disfrutaron de 10 stands cargados de informaci\u00f3n y diversi\u00f3n, adem\u00e1s de presentaciones culturales y una obra teatral.<\/p>\n<p>La ministra de Desarrollo Social (MIDES), Mar\u00eda In\u00e9s Castillo, manifest\u00f3 que, este festival fue un d\u00eda de diversi\u00f3n para los j\u00f3venes de manera sana y, sobre todo, para que aprendieran a mantener una buena salud mental.<\/p>\n<p>\u00abLos j\u00f3venes tuvieron la oportunidad de escuchar charlas y visitar los stands que ofrec\u00edan actividades para su crecimiento personal y fortalecimiento de su autocuidado y la salud mental\u00bb, precis\u00f3 la ministra Castillo.<\/p>\n<p>Al evento, tambi\u00e9n asistieron la ministra de Educaci\u00f3n, Maruja Gorday de Villalobos; la ministra de Cultura, Giselle Gonz\u00e1lez Villarru\u00e9; y la ministra de la Mujer, Juana Herrera, entre otras autoridades del Gobierno Nacional y el sector privado.<\/p>\n<p>En el <strong><em>Festival Juvenil Transformando Mentes<\/em><\/strong> se abordaron temas alineados a la salud mental como:<\/p>\n<ul>\n<li>Prevenir el acoso escolar<\/li>\n<li>Organizaci\u00f3n adecuada del tiempo<\/li>\n<li>Impacto que generan las redes sociales en las spiquis<\/li>\n<li>Empleo Juvenil, sus barreras y oportunidades mediante las capacidades que presentan los j\u00f3venes<\/li>\n<li>Depresi\u00f3n &#8211; p\u00e9rdidas significativas<\/li>\n<li>Educaci\u00f3n financiera<\/li>\n<li>Objetivos de Desarrollo Sostenible (ODS)<\/li>\n<li>Racismo y discriminaci\u00f3n<\/li>\n<li>Amor propio<\/li>\n<li>Manejo de emociones a trav\u00e9s de la cultura.<\/li>\n<\/ul>\n<p>Los contenidos en cada uno de los stands fueron dictados por el MIDES, Ministerio de Trabajo y Desarrollo Laboral (MITRADEL), Ministerio de Cultura, Fundaci\u00f3n Ni Uno M\u00e1s, Universidad Interamericana de Panam\u00e1 (UIP), Fundaci\u00f3n Piero, BAC Credomatic, Universidad Santander, Red de J\u00f3venes Afrodescendientes y la Fundaci\u00f3n Yo Te Creo.<\/p>\n<p>Igualmente, los j\u00f3venes tambi\u00e9n tuvieron la oportunidad de escuchar otras exposiciones como:<\/p>\n<ul>\n<li>Equidad de g\u00e9nero<\/li>\n<li>Empleo Juvenil: Estereotipos vs. Capacidades<\/li>\n<li>Acoso Escolar: \u00bfQu\u00e9 est\u00e1 pasando en nuestras aulas? \u00bfC\u00f3mo podemos prevenirlo?<\/li>\n<\/ul>\n<p>Para Carlos Maldonado, participante del <strong><em>Festival Juvenil Transformando Mentes,<\/em><\/strong> este evento ha sido muy especial porque lo ha ayudado a entender muchas cosas de las cuales no ten\u00eda conocimiento o idea.<\/p>\n<p>\u00abLos j\u00f3venes debemos aprovechar este tipo de eventos para crecer en temas como la salud mental, algo que nos ayudar\u00e1 en el futuro\u00bb, expres\u00f3 Maldonado.<\/p>\n<p>En tanto, Abdiel Escala, agreg\u00f3 que, este tipo de eventos es una oportunidad para los j\u00f3venes de escuchar temas importantes como el bullying, la salud mental, la empleabilidad juvenil, racismo y discriminaci\u00f3n.<\/p>\n<p>\u00abQueremos escuchar y que seamos escuchados y, para lograr eso, se debe hacer m\u00e1s actividades como esta, donde aprendemos a convivir de una manera diferente\u00bb, acot\u00f3 Escala.<\/p>\n<p><strong><em>Panel sobre la Ley de Juventud<\/em><\/strong><\/p>\n<p>El <strong><em>Festival Juvenil Transformando Mentes<\/em><\/strong> tambi\u00e9n abri\u00f3 el espacio para que j\u00f3venes l\u00edderes de todo el pa\u00eds conversaran en un panel sobre el Proyecto de Ley 923, que establece el marco de la nueva Pol\u00edtica P\u00fablica de Juventud y garantiza el ejercicio pleno de los derechos fundamentales de la juventud, que son nuestro presente y futuro.<\/p>\n<p>Jembell Chifundo, del Movimiento Estamos Todos en Acci\u00f3n, dijo que la Ley de Juventud es necesaria para que se empiece a entender de que no solo son los adultos los que siempre tienen que gestionar leyes de j\u00f3venes.<\/p>\n<p>\u201cTenemos que construir algo que trascienda y que sea significativo para todas las personas. Tenemos la responsabilidad de gestionar para los dem\u00e1s y las j\u00f3venes que vienen creciendo\u201d, explic\u00f3 Chifundo.<\/p>\n<p>Por su parte, la presidenta del Consejo Nacional de Juventud, Milena Montenegro, asegur\u00f3 que, esta ley es importante porque habla de los deberes y tambi\u00e9n de los derechos de los j\u00f3venes.<\/p>\n<p>\u201cNosotros seremos los que en un futuro vamos a poder hacer todas las pol\u00edticas p\u00fablicas que ser\u00e1n cambiantes a lo largo de los a\u00f1os, donde los actores principales ser\u00e1n los mismos j\u00f3venes\u201d, resalt\u00f3 Montenegro.<\/p>\n<p>En tanto, la presidenta de la Asociaci\u00f3n Paname\u00f1a de Debate (ASPADE), Daniela Noriega, opin\u00f3 que, esta Ley de Juventud es consensuada e integral para que las voces de los j\u00f3venes sean replicadas.<\/p>\n<p>Destac\u00f3 que, esta ley es sumamente necesaria, porque los j\u00f3venes no son grupos grises, sino un grupo con necesidades espec\u00edficas, entre ellas el ser escuchados en cada uno de los debates.<\/p>\n<p>Mientras que, la presidenta del Foro Nacional de Juventud en Partidos Pol\u00edticos, Lohannys Gait\u00e1n, coment\u00f3 que, contar con una Ley de Juventud ser\u00eda un paso hist\u00f3rico para Panam\u00e1.<\/p>\n<p>\u201cDe parte del Foro de Partidos Pol\u00edticos de Juventud, estamos sentados en la mesa y trabajando para que las cosas se den\u201d, enfatiz\u00f3 Gait\u00e1n.<\/p>\n<p>Para la secretaria general del MIDES, Edmavi Gonz\u00e1lez, hay que seguir abogando por una Ley de Juventud que hoy cuenta con la voluntad pol\u00edtica de la administraci\u00f3n del presidente de la Rep\u00fablica, Laurentino Cortizo Cohen, los ministerios y la mejor voluntad pol\u00edtica de todas, que es la de los j\u00f3venes que participaron en el <strong><em>Festival Juvenil Transformando Mentes.<\/em><\/strong><\/p>\n<p>Actualmente, el Proyecto de Ley de la Pol\u00edtica P\u00fablica de Juventud est\u00e1 siendo discutido por una Subcomisi\u00f3n de la Comisi\u00f3n de la Mujer, la Ni\u00f1ez, la Juventud y la Familia de la Asamblea Nacional.<\/p>\n<p><strong><em>Certificados a 100 j\u00f3venes<\/em><\/strong><\/p>\n<p>Durante el <strong><em>Festival Juvenil Transformando Mentes<\/em><\/strong>, la ministra Castillo, otorg\u00f3 certificados de graduaci\u00f3n a 100 j\u00f3venes que culminaron sus talleres del Programa \u201cDesarrolla Tus Habilidades para la Vida\u201d de las \u00e1reas de Arraij\u00e1n, San Miguelito y Panam\u00e1 Este.<\/p>\n<p>En estos talleres, los j\u00f3venes se capacitaron en temas de habilidades blandas, comunicaci\u00f3n asertiva, liderazgo, voluntariado, ODS, formulaci\u00f3n de proyectos y educaci\u00f3n financiera.<\/p>\n<p>Los talleres fueron impartidos por el MIDES, la Universidad Santander, BAC Credomatic y el Ministerio de Trabajo y Desarrollo Laboral (MITRADEL).<\/p>\n<p>&nbsp;<\/p>\n<p>Fuente: MIDES<\/p>\n","protected":false},"excerpt":{"rendered":"<p>Como parte de las actividades del cierre del Mes Internacional <a href=\"https:\/\/sertv.gob.pa\/nacionalfm\/mas-de-600-jovenes-participaron-en-el-festival-juvenil-transformando-mentes\/\"> [&#8230;]<\/a><\/p>\n","protected":false},"author":9,"featured_media":90690,"comment_status":"closed","ping_status":"closed","sticky":false,"template":"","format":"standard","meta":{"footnotes":""},"categories":[2],"tags":[],"class_list":["post-90689","post","type-post","status-publish","format-standard","has-post-thumbnail","hentry","category-nacionales"],"_links":{"self":[{"href":"https:\/\/sertv.gob.pa\/nacionalfm\/wp-json\/wp\/v2\/posts\/90689","targetHints":{"allow":["GET"]}}],"collection":[{"href":"https:\/\/sertv.gob.pa\/nacionalfm\/wp-json\/wp\/v2\/posts"}],"about":[{"href":"https:\/\/sertv.gob.pa\/nacionalfm\/wp-json\/wp\/v2\/types\/post"}],"author":[{"embeddable":true,"href":"https:\/\/sertv.gob.pa\/nacionalfm\/wp-json\/wp\/v2\/users\/9"}],"replies":[{"embeddable":true,"href":"https:\/\/sertv.gob.pa\/nacionalfm\/wp-json\/wp\/v2\/comments?post=90689"}],"version-history":[{"count":1,"href":"https:\/\/sertv.gob.pa\/nacionalfm\/wp-json\/wp\/v2\/posts\/90689\/revisions"}],"predecessor-version":[{"id":90695,"href":"https:\/\/sertv.gob.pa\/nacionalfm\/wp-json\/wp\/v2\/posts\/90689\/revisions\/90695"}],"wp:featuredmedia":[{"embeddable":true,"href":"https:\/\/sertv.gob.pa\/nacionalfm\/wp-json\/wp\/v2\/media\/90690"}],"wp:attachment":[{"href":"https:\/\/sertv.gob.pa\/nacionalfm\/wp-json\/wp\/v2\/media?parent=90689"}],"wp:term":[{"taxonomy":"category","embeddable":true,"href":"https:\/\/sertv.gob.pa\/nacionalfm\/wp-json\/wp\/v2\/categories?post=90689"},{"taxonomy":"post_tag","embeddable":true,"href":"https:\/\/sertv.gob.pa\/nacionalfm\/wp-json\/wp\/v2\/tags?post=90689"}],"curies":[{"name":"wp","href":"https:\/\/api.w.org\/{rel}","templated":true}]}}