{"id":9069,"date":"2015-12-01T14:52:35","date_gmt":"2015-12-01T14:52:35","guid":{"rendered":""},"modified":"2015-12-01T14:52:35","modified_gmt":"2015-12-01T14:52:35","slug":"dia-mundial-de-la-lucha-contra-el-sida","status":"publish","type":"post","link":"https:\/\/sertv.gob.pa\/nacionalfm\/dia-mundial-de-la-lucha-contra-el-sida\/","title":{"rendered":"D\u00eda mundial de la Lucha Contra el sida"},"content":{"rendered":"<p>\nDe acuerdo con un informe del Programa Conjunto de las Naciones Unidas sobre el VIH\/sida (Onusida), en Panam\u00e1, la epidemia del virus de inmunodeficiencia humana (VIH) se concentra en la poblaci\u00f3n de hombres que tienen sexo con hombres, con prevalencia de  19.8%.   <\/p>\n<p>El organismo igualmente plantea que, a partir de 2010, el n\u00famero de nuevos casos de VIH en el pa\u00eds se incrementa cada a\u00f1o.\u00a0 <\/p>\n<p>La situaci\u00f3n es respaldada por un an\u00e1lisis geoespacial de la Universidad de South Florida y del Ministerio de Salud, que mide la evoluci\u00f3n del VIH en Panam\u00e1 desde que se registr\u00f3 el primer caso en 1984, hasta el a\u00f1o pasado. <\/p>\n<p>\u00a0 <\/p>\n<p>\u00a0 <\/p>\n","protected":false},"excerpt":{"rendered":"<p>De acuerdo con un informe del Programa Conjunto de las <a href=\"https:\/\/sertv.gob.pa\/nacionalfm\/dia-mundial-de-la-lucha-contra-el-sida\/\"> [&#8230;]<\/a><\/p>\n","protected":false},"author":1,"featured_media":9070,"comment_status":"closed","ping_status":"closed","sticky":false,"template":"","format":"standard","meta":{"footnotes":""},"categories":[5],"tags":[],"class_list":["post-9069","post","type-post","status-publish","format-standard","has-post-thumbnail","hentry","category-salud"],"_links":{"self":[{"href":"https:\/\/sertv.gob.pa\/nacionalfm\/wp-json\/wp\/v2\/posts\/9069","targetHints":{"allow":["GET"]}}],"collection":[{"href":"https:\/\/sertv.gob.pa\/nacionalfm\/wp-json\/wp\/v2\/posts"}],"about":[{"href":"https:\/\/sertv.gob.pa\/nacionalfm\/wp-json\/wp\/v2\/types\/post"}],"author":[{"embeddable":true,"href":"https:\/\/sertv.gob.pa\/nacionalfm\/wp-json\/wp\/v2\/users\/1"}],"replies":[{"embeddable":true,"href":"https:\/\/sertv.gob.pa\/nacionalfm\/wp-json\/wp\/v2\/comments?post=9069"}],"version-history":[{"count":0,"href":"https:\/\/sertv.gob.pa\/nacionalfm\/wp-json\/wp\/v2\/posts\/9069\/revisions"}],"wp:featuredmedia":[{"embeddable":true,"href":"https:\/\/sertv.gob.pa\/nacionalfm\/wp-json\/wp\/v2\/media\/9070"}],"wp:attachment":[{"href":"https:\/\/sertv.gob.pa\/nacionalfm\/wp-json\/wp\/v2\/media?parent=9069"}],"wp:term":[{"taxonomy":"category","embeddable":true,"href":"https:\/\/sertv.gob.pa\/nacionalfm\/wp-json\/wp\/v2\/categories?post=9069"},{"taxonomy":"post_tag","embeddable":true,"href":"https:\/\/sertv.gob.pa\/nacionalfm\/wp-json\/wp\/v2\/tags?post=9069"}],"curies":[{"name":"wp","href":"https:\/\/api.w.org\/{rel}","templated":true}]}}