{"id":90720,"date":"2023-08-29T17:58:00","date_gmt":"2023-08-29T17:58:00","guid":{"rendered":"https:\/\/sertv.gob.pa\/nacionalfm\/?p=90720"},"modified":"2023-08-29T17:58:00","modified_gmt":"2023-08-29T17:58:00","slug":"ninos-crisis-climatica-la-onu-establece-por-primera-vez-la-obligacion-de-proteger-a-los-ninos-de-danos-climaticos","status":"publish","type":"post","link":"https:\/\/sertv.gob.pa\/nacionalfm\/ninos-crisis-climatica-la-onu-establece-por-primera-vez-la-obligacion-de-proteger-a-los-ninos-de-danos-climaticos\/","title":{"rendered":"Ni\u00f1os Crisis Clim\u00e1tica: La ONU establece por primera vez la obligaci\u00f3n de proteger a los ni\u00f1os de da\u00f1os clim\u00e1ticos"},"content":{"rendered":"<p><strong><em>Ginebra (EFE).-<\/em><\/strong> El comit\u00e9 de expertos de la ONU que vigila que se respeten los derechos de los ni\u00f1os en el mundo emiti\u00f3 hoy una directiva que, por primera vez, establece claramente que los estados tienen la obligaci\u00f3n de proteger a los menores de los da\u00f1os clim\u00e1ticos y medioambientales causados por las actividades econ\u00f3micas.<\/p>\n<p>Se afirma tambi\u00e9n que las autoridades tienen el deber de preservar los derechos infantiles frente al cambio clim\u00e1tico causado por las actividades empresariales, lo que implica que estas deben reducir r\u00e1pidamente las emisiones.<\/p>\n<p>Para todo ello, los estados deben contar con leyes y medios que garanticen que las empresas, sean nacionales o extranjeras, respetar\u00e1n en sus negocios los derechos de los ni\u00f1os, en particular el de vivir en un medio ambiente limpio, sano y sostenible.<\/p>\n<p>El Comit\u00e9 de los Derechos del Ni\u00f1o de la ONU aclara en esta opini\u00f3n jur\u00eddica c\u00f3mo se aplica el derecho de los ni\u00f1os a la protecci\u00f3n ambiental, que -afirma- est\u00e1 impl\u00edcito en la Convenci\u00f3n internacional sobre esta cuesti\u00f3n y que 196 pa\u00edses se han comprometido legalmente a respetar.<\/p>\n<p>Se considera que sin un medio ambiente sano resulta imposible respetar el derecho de los ni\u00f1os a la vida, al desarrollo, a la salud, a un nivel adecuado de vida o a la educaci\u00f3n.<\/p>\n<p>\u201cSe deben tomar medidas inmediatas cuando los ni\u00f1os sean identificados como v\u00edctimas y as\u00ed prevenir m\u00e1s da\u00f1o a su salud y desarrollo, y reparar el da\u00f1o hecho\u201d, se\u00f1ala la instancia de Naciones Unidas.<\/p>\n<p>El Comit\u00e9 reconoce que los ni\u00f1os encuentran obst\u00e1culos para reclamar sus derechos y por ello recomienda a los gobiernos que creen canales para que los menores puedan acceder a la Justicia cuando sufren un da\u00f1o medioambiental.<\/p>\n<p>Esos canales consisten en mecanismos que sean f\u00e1cilmente accesibles para los ni\u00f1os.<\/p>\n<p>El Comit\u00e9 dijo haber recibido m\u00e1s de 16.000 contribuciones de ni\u00f1os de 121 pa\u00edses que compartieron y denunciaron los efectos negativos del cambio clim\u00e1tico y de la degradaci\u00f3n de su entorno natural tanto en ellos como en sus comunidades.<\/p>\n<p>El ni\u00f1o colombiano Francisco Vera, de trece a\u00f1os fue nombrado hace algunas semanas por como primer defensor juvenil del medio ambiente y la acci\u00f3n clim\u00e1tica para Am\u00e9rica Latina y el Caribe. <strong><em>EFEverde<\/em><\/strong><\/p>\n","protected":false},"excerpt":{"rendered":"<p>Ginebra (EFE).- El comit\u00e9 de expertos de la ONU que <a href=\"https:\/\/sertv.gob.pa\/nacionalfm\/ninos-crisis-climatica-la-onu-establece-por-primera-vez-la-obligacion-de-proteger-a-los-ninos-de-danos-climaticos\/\"> [&#8230;]<\/a><\/p>\n","protected":false},"author":9,"featured_media":90721,"comment_status":"closed","ping_status":"closed","sticky":false,"template":"","format":"standard","meta":{"footnotes":""},"categories":[3],"tags":[],"class_list":["post-90720","post","type-post","status-publish","format-standard","has-post-thumbnail","hentry","category-internacionales"],"_links":{"self":[{"href":"https:\/\/sertv.gob.pa\/nacionalfm\/wp-json\/wp\/v2\/posts\/90720","targetHints":{"allow":["GET"]}}],"collection":[{"href":"https:\/\/sertv.gob.pa\/nacionalfm\/wp-json\/wp\/v2\/posts"}],"about":[{"href":"https:\/\/sertv.gob.pa\/nacionalfm\/wp-json\/wp\/v2\/types\/post"}],"author":[{"embeddable":true,"href":"https:\/\/sertv.gob.pa\/nacionalfm\/wp-json\/wp\/v2\/users\/9"}],"replies":[{"embeddable":true,"href":"https:\/\/sertv.gob.pa\/nacionalfm\/wp-json\/wp\/v2\/comments?post=90720"}],"version-history":[{"count":1,"href":"https:\/\/sertv.gob.pa\/nacionalfm\/wp-json\/wp\/v2\/posts\/90720\/revisions"}],"predecessor-version":[{"id":90722,"href":"https:\/\/sertv.gob.pa\/nacionalfm\/wp-json\/wp\/v2\/posts\/90720\/revisions\/90722"}],"wp:featuredmedia":[{"embeddable":true,"href":"https:\/\/sertv.gob.pa\/nacionalfm\/wp-json\/wp\/v2\/media\/90721"}],"wp:attachment":[{"href":"https:\/\/sertv.gob.pa\/nacionalfm\/wp-json\/wp\/v2\/media?parent=90720"}],"wp:term":[{"taxonomy":"category","embeddable":true,"href":"https:\/\/sertv.gob.pa\/nacionalfm\/wp-json\/wp\/v2\/categories?post=90720"},{"taxonomy":"post_tag","embeddable":true,"href":"https:\/\/sertv.gob.pa\/nacionalfm\/wp-json\/wp\/v2\/tags?post=90720"}],"curies":[{"name":"wp","href":"https:\/\/api.w.org\/{rel}","templated":true}]}}