{"id":90723,"date":"2023-08-29T18:28:05","date_gmt":"2023-08-29T18:28:05","guid":{"rendered":"https:\/\/sertv.gob.pa\/nacionalfm\/?p=90723"},"modified":"2023-08-29T18:28:05","modified_gmt":"2023-08-29T18:28:05","slug":"venecia-se-prepara-con-lluvia-para-una-mostra-impredecible-en-su-80o-festival-de-cine","status":"publish","type":"post","link":"https:\/\/sertv.gob.pa\/nacionalfm\/venecia-se-prepara-con-lluvia-para-una-mostra-impredecible-en-su-80o-festival-de-cine\/","title":{"rendered":"Venecia se prepara con lluvia para una Mostra impredecible en su 80\u00ba Festival de Cine"},"content":{"rendered":"<p><strong><em>Venecia (Italia) (EFE).-<\/em><\/strong> La monumental ciudad italiana de Venecia est\u00e1 lista para abrir este mi\u00e9rcoles su 80\u00ba Festival de Cine, una cita impredecible en plena huelga de Hollywood y en la que todo el mundo especula con las estrellas que pasar\u00e1n por su alfombra roja.<\/p>\n<p>En el Lido, la exclusiva isla veneciana a orillas del Adri\u00e1tico donde se celebra la Mostra, el ambiente es de total normalidad si no fuera por la fuerte lluvia que ha empapado el lugar.<\/p>\n<p>Los obreros se afanan en dar los \u00faltimos retoques y martillazos a las instalaciones y decoraci\u00f3n, la alfombra roja ya se extiende a lo largo del Palacio del Cine, donde tienen lugar las puestas de largo, y cientos de periodistas -empapados- recogen sus acreditaciones.<\/p>\n<p>Ser\u00e1n doce d\u00edas de cine en los que se estrenar\u00e1n los t\u00edtulos m\u00e1s esperados de la temporada, hasta que en la noche del 9 de septiembre se otorgue el Le\u00f3n de Oro y el resto de galardones.<\/p>\n<p><strong><em>Primera cita internacional desde la huelga de Hollywood<\/em><\/strong><\/p>\n<p>En la Secci\u00f3n Oficial figuran los trabajos de directores afamados como el chileno Pablo Larra\u00edn, los estadounidenses Sofia Coppola, Bradley Cooper, Michael Mann o David Fincher, el mexicano Michel Franco, el japon\u00e9s Ryusuke Hamaguchi o el grigo Yorgos Lanthimos.<\/p>\n<p>Se trata de producciones cargadas de estrellas: algunas como Emma Stone, Bradley Cooper o Michael Fassbender ya han dado plant\u00f3n al certamen mientras que otras como Adam Driver, Jacob Elordi o Jessica Chastain tienen toda la intenci\u00f3n de acudir.<\/p>\n<p>Y es que la Mostra es la primera gran cita cin\u00e9fila internacional desde que los guionistas y actores de\u00a0<a href=\"https:\/\/efe.com\/cultura\/2023-08-07\/las-huelgas-de-hollywood-una-crisis-peor-que-la-pandemia-para-los-negocios-del-cine\/\" target=\"_blank\" rel=\"noopener\">Hollywood fueron a la huelga.<br \/>\n<\/a><br \/>\nEn cualquier caso, el director del certamen, Alberto Barbera, ha avanzado que habr\u00e1 \u201csuficientes\u201d estrellas en el Festival.<\/p>\n<p>Esta situaci\u00f3n ha alimentado las especulaciones y la prensa local veneciana jura haber visto \u201cde inc\u00f3gnito\u201d a Bradley Cooper cenando en la Ciudad de los Canales.<\/p>\n<p><strong>El Festival de Venecia comienza ma\u00f1ana<\/strong><\/p>\n<p>En cualquier caso, el festival arrancar\u00e1 ma\u00f1ana con una ceremonia de apertura en la que se otorgar\u00e1 el Le\u00f3n de Oro honor\u00edfico a la cineasta italiana Liliana Cavani, que con sus 90 a\u00f1os se ha puesto detr\u00e1s de la c\u00e1mara para su pel\u00edcula \u201cL\u2019ordine del tempo\u201d.<\/p>\n<p>Ser\u00e1 la actriz Charlotte Rampling, inolvidable protagonista de \u201cIl portiere di notte\u201d (Portero de noche, 1974) de Cavani y ganadora de la Copa Volpi en 2017 por \u201cHannah\u201d, la encargada de pronunciar en la gala las alabanzas a la directora.<\/p>\n<p>Para ir calentando motores, la Mostra ha preparado para este martes una \u201cpreapertura\u201d que estar\u00e1 enteramente dedicada a la diva Gina Lollobrigida, fallecida el pasado 16 de enero a los 95 a\u00f1os.<\/p>\n<p>Los proyectores venecianos mostrar\u00e1n \u201cPortrait of Gina\u201d (1958), un curioso reportaje que Orson Welles dedic\u00f3 a \u201cLa Lollo\u201d, as\u00ed como \u201cLa provinciale\u201d de Mario Soldati, ambos trabajos enteramente restaurados para homenajear a una de las pioneras del cine italiano.<\/p>\n<p><strong>\u00a0<\/strong><\/p>\n<p>&nbsp;<\/p>\n","protected":false},"excerpt":{"rendered":"<p>Venecia (Italia) (EFE).- La monumental ciudad italiana de Venecia est\u00e1 <a href=\"https:\/\/sertv.gob.pa\/nacionalfm\/venecia-se-prepara-con-lluvia-para-una-mostra-impredecible-en-su-80o-festival-de-cine\/\"> [&#8230;]<\/a><\/p>\n","protected":false},"author":9,"featured_media":90724,"comment_status":"closed","ping_status":"closed","sticky":false,"template":"","format":"standard","meta":{"footnotes":""},"categories":[3],"tags":[],"class_list":["post-90723","post","type-post","status-publish","format-standard","has-post-thumbnail","hentry","category-internacionales"],"_links":{"self":[{"href":"https:\/\/sertv.gob.pa\/nacionalfm\/wp-json\/wp\/v2\/posts\/90723","targetHints":{"allow":["GET"]}}],"collection":[{"href":"https:\/\/sertv.gob.pa\/nacionalfm\/wp-json\/wp\/v2\/posts"}],"about":[{"href":"https:\/\/sertv.gob.pa\/nacionalfm\/wp-json\/wp\/v2\/types\/post"}],"author":[{"embeddable":true,"href":"https:\/\/sertv.gob.pa\/nacionalfm\/wp-json\/wp\/v2\/users\/9"}],"replies":[{"embeddable":true,"href":"https:\/\/sertv.gob.pa\/nacionalfm\/wp-json\/wp\/v2\/comments?post=90723"}],"version-history":[{"count":1,"href":"https:\/\/sertv.gob.pa\/nacionalfm\/wp-json\/wp\/v2\/posts\/90723\/revisions"}],"predecessor-version":[{"id":90725,"href":"https:\/\/sertv.gob.pa\/nacionalfm\/wp-json\/wp\/v2\/posts\/90723\/revisions\/90725"}],"wp:featuredmedia":[{"embeddable":true,"href":"https:\/\/sertv.gob.pa\/nacionalfm\/wp-json\/wp\/v2\/media\/90724"}],"wp:attachment":[{"href":"https:\/\/sertv.gob.pa\/nacionalfm\/wp-json\/wp\/v2\/media?parent=90723"}],"wp:term":[{"taxonomy":"category","embeddable":true,"href":"https:\/\/sertv.gob.pa\/nacionalfm\/wp-json\/wp\/v2\/categories?post=90723"},{"taxonomy":"post_tag","embeddable":true,"href":"https:\/\/sertv.gob.pa\/nacionalfm\/wp-json\/wp\/v2\/tags?post=90723"}],"curies":[{"name":"wp","href":"https:\/\/api.w.org\/{rel}","templated":true}]}}