{"id":90748,"date":"2023-08-30T17:39:33","date_gmt":"2023-08-30T17:39:33","guid":{"rendered":"https:\/\/sertv.gob.pa\/nacionalfm\/?p=90748"},"modified":"2023-08-30T17:39:33","modified_gmt":"2023-08-30T17:39:33","slug":"septiembre-empezara-con-una-dana-de-impacto-notable-que-traera-lluvias-y-tormentas","status":"publish","type":"post","link":"https:\/\/sertv.gob.pa\/nacionalfm\/septiembre-empezara-con-una-dana-de-impacto-notable-que-traera-lluvias-y-tormentas\/","title":{"rendered":"Septiembre empezar\u00e1 con una Dana de \u201cimpacto notable\u201d que traer\u00e1 lluvias y tormentas"},"content":{"rendered":"<p><strong><em>Madrid (EFE).-<\/em><\/strong> Una depresi\u00f3n aislada en nivel altos (Dana) con \u201cimpacto notable\u201d y que durar\u00e1 varios d\u00edas cambiar\u00e1 el tiempo a partir del viernes, que ser\u00e1 una jornada de \u201ctransici\u00f3n\u201d, en la que entrar\u00e1 un frente desde Galicia, coincidiendo con el inicio de septiembre.<\/p>\n<p>\u201cNo es un frente que vaya a barrer la pen\u00ednsula, sino que est\u00e1 asociado a la vaguada en altura que va a originar una depresi\u00f3n aislada en niveles altos que va a quedarse afect\u00e1ndonos durante varios d\u00edas\u201d, ha informado hoy el portavoz de la Agencia Estatal de Meteorolog\u00eda (Aemet) Jos\u00e9 Luis Camacho.<\/p>\n<p>En principio, el viernes las zonas m\u00e1s afectadas ser\u00edan, por la tarde, las del Valle del Ebro \u201cpor efecto de la entrada del aire Mediterr\u00e1neo, la convergencia con el aire fresco del Atl\u00e1ntico y la presencia de la vaguada en altura\u201d; tambi\u00e9n llover\u00e1 en el extremo noroeste y cornisa cant\u00e1brica ese d\u00eda.<\/p>\n<p><strong>S\u00e1bado de lluvias<\/strong><\/p>\n<p>La vaguada atl\u00e1ntica durante el s\u00e1bado se aislar\u00e1 de la circulaci\u00f3n general form\u00e1ndose una Dana centrada en el oeste peninsular; por ello, durante el fin de semana ser\u00e1n probables las precipitaciones persistentes y generalizadas, localmente acompa\u00f1adas de tormentas en pr\u00e1cticamente todo el territorio a excepci\u00f3n de Canarias.<\/p>\n<p>A\u00fan existe una incertidumbre elevada sobre las zonas donde llover\u00e1 con m\u00e1s abundancia, seg\u00fan se detalla en un aviso especial emitido por la Aemet sobre este episodio de lluvias generalizadas en la pen\u00ednsula y Baleares.<\/p>\n<p>Las precipitaciones el s\u00e1bado afectar\u00e1n pr\u00e1cticamente a toda la pen\u00ednsula y Baleares e ir\u00e1n acompa\u00f1adas de tormentas, menos probables en el extremo suroeste.<\/p>\n<p>En el entorno del valle del Ebro y zonas pr\u00f3ximas del nordeste, las precipitaciones podr\u00edan ser m\u00e1s intensas y persistentes, con acumulados m\u00e1s importantes.<\/p>\n<p><strong>Tormentas para el domingo<\/strong><\/p>\n<p>Durante el domingo continuar\u00e1n previsiblemente las precipitaciones y las tormentas en gran parte de la pen\u00ednsula y Baleares.<\/p>\n<p>Aunque con incertidumbre, la mayor inestabilidad podr\u00eda desplazarse a zonas del Mediterr\u00e1neo, donde soplar\u00e1 un viento intenso de Levante que aportar\u00e1 humedad de procedencia mar\u00edtima y favorecer\u00e1 precipitaciones abundantes.<\/p>\n<p>Es probable que las lluvias sean de nuevo persistentes tambi\u00e9n en zonas del nordeste extendi\u00e9ndose al resto del territorio en forma de chubascos acompa\u00f1ados de tormentas.<\/p>\n<p>Durante todo el fin de semana, debido a la nubosidad y a las precipitaciones previstas, predominar\u00e1 un ambiente oto\u00f1al, con temperaturas por debajo de lo habitual para estas fechas en buena parte de la pen\u00ednsula.<\/p>\n","protected":false},"excerpt":{"rendered":"<p>Madrid (EFE).- Una depresi\u00f3n aislada en nivel altos (Dana) con <a href=\"https:\/\/sertv.gob.pa\/nacionalfm\/septiembre-empezara-con-una-dana-de-impacto-notable-que-traera-lluvias-y-tormentas\/\"> [&#8230;]<\/a><\/p>\n","protected":false},"author":9,"featured_media":90749,"comment_status":"closed","ping_status":"closed","sticky":false,"template":"","format":"standard","meta":{"footnotes":""},"categories":[3],"tags":[],"class_list":["post-90748","post","type-post","status-publish","format-standard","has-post-thumbnail","hentry","category-internacionales"],"_links":{"self":[{"href":"https:\/\/sertv.gob.pa\/nacionalfm\/wp-json\/wp\/v2\/posts\/90748","targetHints":{"allow":["GET"]}}],"collection":[{"href":"https:\/\/sertv.gob.pa\/nacionalfm\/wp-json\/wp\/v2\/posts"}],"about":[{"href":"https:\/\/sertv.gob.pa\/nacionalfm\/wp-json\/wp\/v2\/types\/post"}],"author":[{"embeddable":true,"href":"https:\/\/sertv.gob.pa\/nacionalfm\/wp-json\/wp\/v2\/users\/9"}],"replies":[{"embeddable":true,"href":"https:\/\/sertv.gob.pa\/nacionalfm\/wp-json\/wp\/v2\/comments?post=90748"}],"version-history":[{"count":1,"href":"https:\/\/sertv.gob.pa\/nacionalfm\/wp-json\/wp\/v2\/posts\/90748\/revisions"}],"predecessor-version":[{"id":90753,"href":"https:\/\/sertv.gob.pa\/nacionalfm\/wp-json\/wp\/v2\/posts\/90748\/revisions\/90753"}],"wp:featuredmedia":[{"embeddable":true,"href":"https:\/\/sertv.gob.pa\/nacionalfm\/wp-json\/wp\/v2\/media\/90749"}],"wp:attachment":[{"href":"https:\/\/sertv.gob.pa\/nacionalfm\/wp-json\/wp\/v2\/media?parent=90748"}],"wp:term":[{"taxonomy":"category","embeddable":true,"href":"https:\/\/sertv.gob.pa\/nacionalfm\/wp-json\/wp\/v2\/categories?post=90748"},{"taxonomy":"post_tag","embeddable":true,"href":"https:\/\/sertv.gob.pa\/nacionalfm\/wp-json\/wp\/v2\/tags?post=90748"}],"curies":[{"name":"wp","href":"https:\/\/api.w.org\/{rel}","templated":true}]}}