{"id":90779,"date":"2023-08-31T13:45:14","date_gmt":"2023-08-31T13:45:14","guid":{"rendered":"https:\/\/sertv.gob.pa\/nacionalfm\/?p=90779"},"modified":"2023-08-31T13:45:14","modified_gmt":"2023-08-31T13:45:14","slug":"presidente-de-la-republica-designa-nuevo-consul-general-de-panama-en-amberes-belgica","status":"publish","type":"post","link":"https:\/\/sertv.gob.pa\/nacionalfm\/presidente-de-la-republica-designa-nuevo-consul-general-de-panama-en-amberes-belgica\/","title":{"rendered":"Presidente de la Rep\u00fablica designa nuevo C\u00f3nsul General de Panam\u00e1 en Amberes, B\u00e9lgica"},"content":{"rendered":"<p><strong><em>El Presidente de la Rep\u00fablica de Panam\u00e1, Laurentino Cortizo Cohen, design\u00f3 a Juan Carlos Sosa, como nuevo C\u00f3nsul General de Panam\u00e1 en Amberes, ciudad portuaria de B\u00e9lgica.<\/em><\/strong><\/p>\n<p>Sosa, quien hasta la fecha se desempe\u00f1\u00f3 como viceministro de Comercio Exterior, es Licenciado en Publicidad de la Universidad de Austin Texas (1994 \u2013 1996).\u00a0 Cuenta con un Programa avanzado de marketing de Northwestern University (1999), MBA de Gesti\u00f3n Internacional de la Royal Holloway, University of London (2004 \u2013 2005) y en 2011 curs\u00f3 un Programa Avanzado de Gesti\u00f3n de la Innovaci\u00f3n de la Universidad de California en Berkeley.<\/p>\n<p>Entre los logros de Sosa al frente del viceministerio, destacan el establecimiento de 54 nuevas empresas SEM, con una inversi\u00f3n de m\u00e1s de B\/.60 millones; la aprobaci\u00f3n de 10 proyectos de zonas francas, con una inversi\u00f3n superior a los B\/.400 millones; B\/.1,071 millones en exportaciones de bienes no relacionados al cobre en 2022, un incremento del 60% comparado con el 2018 y la organizaci\u00f3n del Bloomberg New Economy Gateway en Panam\u00e1, evento que por primera vez, se realiz\u00f3 fuera de Asia, entre otros.<\/p>\n<p><strong><em>El nuevo viceministro de Comercio Exterior que reemplazar\u00e1 a Sosa, ser\u00e1 nombrado en los pr\u00f3ximos d\u00edas.<\/em><\/strong><\/p>\n<p>&nbsp;<\/p>\n<p>Fuente: Presidencia de la Rep\u00fablica de Panam\u00e1<\/p>\n","protected":false},"excerpt":{"rendered":"<p>El Presidente de la Rep\u00fablica de Panam\u00e1, Laurentino Cortizo Cohen, <a href=\"https:\/\/sertv.gob.pa\/nacionalfm\/presidente-de-la-republica-designa-nuevo-consul-general-de-panama-en-amberes-belgica\/\"> [&#8230;]<\/a><\/p>\n","protected":false},"author":9,"featured_media":90780,"comment_status":"closed","ping_status":"closed","sticky":false,"template":"","format":"standard","meta":{"footnotes":""},"categories":[2],"tags":[],"class_list":["post-90779","post","type-post","status-publish","format-standard","has-post-thumbnail","hentry","category-nacionales"],"_links":{"self":[{"href":"https:\/\/sertv.gob.pa\/nacionalfm\/wp-json\/wp\/v2\/posts\/90779","targetHints":{"allow":["GET"]}}],"collection":[{"href":"https:\/\/sertv.gob.pa\/nacionalfm\/wp-json\/wp\/v2\/posts"}],"about":[{"href":"https:\/\/sertv.gob.pa\/nacionalfm\/wp-json\/wp\/v2\/types\/post"}],"author":[{"embeddable":true,"href":"https:\/\/sertv.gob.pa\/nacionalfm\/wp-json\/wp\/v2\/users\/9"}],"replies":[{"embeddable":true,"href":"https:\/\/sertv.gob.pa\/nacionalfm\/wp-json\/wp\/v2\/comments?post=90779"}],"version-history":[{"count":1,"href":"https:\/\/sertv.gob.pa\/nacionalfm\/wp-json\/wp\/v2\/posts\/90779\/revisions"}],"predecessor-version":[{"id":90782,"href":"https:\/\/sertv.gob.pa\/nacionalfm\/wp-json\/wp\/v2\/posts\/90779\/revisions\/90782"}],"wp:featuredmedia":[{"embeddable":true,"href":"https:\/\/sertv.gob.pa\/nacionalfm\/wp-json\/wp\/v2\/media\/90780"}],"wp:attachment":[{"href":"https:\/\/sertv.gob.pa\/nacionalfm\/wp-json\/wp\/v2\/media?parent=90779"}],"wp:term":[{"taxonomy":"category","embeddable":true,"href":"https:\/\/sertv.gob.pa\/nacionalfm\/wp-json\/wp\/v2\/categories?post=90779"},{"taxonomy":"post_tag","embeddable":true,"href":"https:\/\/sertv.gob.pa\/nacionalfm\/wp-json\/wp\/v2\/tags?post=90779"}],"curies":[{"name":"wp","href":"https:\/\/api.w.org\/{rel}","templated":true}]}}