{"id":90794,"date":"2023-08-31T17:43:35","date_gmt":"2023-08-31T17:43:35","guid":{"rendered":"https:\/\/sertv.gob.pa\/nacionalfm\/?p=90794"},"modified":"2023-08-31T17:43:35","modified_gmt":"2023-08-31T17:43:35","slug":"el-papa-en-mongolia-un-viaje-a-la-pequena-comunidad-catolica-con-importancia-geopolitica","status":"publish","type":"post","link":"https:\/\/sertv.gob.pa\/nacionalfm\/el-papa-en-mongolia-un-viaje-a-la-pequena-comunidad-catolica-con-importancia-geopolitica\/","title":{"rendered":"El papa en Mongolia, un viaje a la peque\u00f1a comunidad cat\u00f3lica con importancia geopol\u00edtica"},"content":{"rendered":"<p><strong><em>Ciudad del Vaticano (EFE).-<\/em><\/strong> El papa Francisco viaja este jueves a la lejana y despoblada Mongolia, en la que ser\u00e1 la primera visita de un pont\u00edfice, para llevar esperanza a la peque\u00f1a comunidad cat\u00f3lica, de cerca 1.400 fieles, y donde acudir\u00e1n tambi\u00e9n cat\u00f3licos chinos y rusos debido a la cercan\u00eda de sus pa\u00edses, lo que hace que esta visita cobre importancia a nivel geopol\u00edtico.<\/p>\n<p>El papa comenzar\u00e1 su 43 viaje internacional y uno de los m\u00e1s alejados de Roma para visitar una Iglesia cat\u00f3lica que pr\u00e1cticamente naci\u00f3 con la ca\u00edda del comunismo en 1992 y que cuenta con unos 1.400 bautizados, que representan el 0,04 % de la poblaci\u00f3n.<\/p>\n<p>\u201cUna poblaci\u00f3n apasionada, pac\u00edfica, con vocaci\u00f3n por el multilateralismo y con ganas de conversi\u00f3n ecol\u00f3gica tras los numerosas explotaciones mineras\u201d, como la describi\u00f3 el portavoz vaticano, Matteo Bruni, introduciendo los que pueden ser los temas que el papa abordar\u00e1 en este viaje.<\/p>\n","protected":false},"excerpt":{"rendered":"<p>Ciudad del Vaticano (EFE).- El papa Francisco viaja este jueves <a href=\"https:\/\/sertv.gob.pa\/nacionalfm\/el-papa-en-mongolia-un-viaje-a-la-pequena-comunidad-catolica-con-importancia-geopolitica\/\"> [&#8230;]<\/a><\/p>\n","protected":false},"author":9,"featured_media":90795,"comment_status":"closed","ping_status":"closed","sticky":false,"template":"","format":"standard","meta":{"footnotes":""},"categories":[3],"tags":[],"class_list":["post-90794","post","type-post","status-publish","format-standard","has-post-thumbnail","hentry","category-internacionales"],"_links":{"self":[{"href":"https:\/\/sertv.gob.pa\/nacionalfm\/wp-json\/wp\/v2\/posts\/90794","targetHints":{"allow":["GET"]}}],"collection":[{"href":"https:\/\/sertv.gob.pa\/nacionalfm\/wp-json\/wp\/v2\/posts"}],"about":[{"href":"https:\/\/sertv.gob.pa\/nacionalfm\/wp-json\/wp\/v2\/types\/post"}],"author":[{"embeddable":true,"href":"https:\/\/sertv.gob.pa\/nacionalfm\/wp-json\/wp\/v2\/users\/9"}],"replies":[{"embeddable":true,"href":"https:\/\/sertv.gob.pa\/nacionalfm\/wp-json\/wp\/v2\/comments?post=90794"}],"version-history":[{"count":1,"href":"https:\/\/sertv.gob.pa\/nacionalfm\/wp-json\/wp\/v2\/posts\/90794\/revisions"}],"predecessor-version":[{"id":90797,"href":"https:\/\/sertv.gob.pa\/nacionalfm\/wp-json\/wp\/v2\/posts\/90794\/revisions\/90797"}],"wp:featuredmedia":[{"embeddable":true,"href":"https:\/\/sertv.gob.pa\/nacionalfm\/wp-json\/wp\/v2\/media\/90795"}],"wp:attachment":[{"href":"https:\/\/sertv.gob.pa\/nacionalfm\/wp-json\/wp\/v2\/media?parent=90794"}],"wp:term":[{"taxonomy":"category","embeddable":true,"href":"https:\/\/sertv.gob.pa\/nacionalfm\/wp-json\/wp\/v2\/categories?post=90794"},{"taxonomy":"post_tag","embeddable":true,"href":"https:\/\/sertv.gob.pa\/nacionalfm\/wp-json\/wp\/v2\/tags?post=90794"}],"curies":[{"name":"wp","href":"https:\/\/api.w.org\/{rel}","templated":true}]}}