{"id":90798,"date":"2023-08-31T18:10:33","date_gmt":"2023-08-31T18:10:33","guid":{"rendered":"https:\/\/sertv.gob.pa\/nacionalfm\/?p=90798"},"modified":"2023-08-31T18:10:33","modified_gmt":"2023-08-31T18:10:33","slug":"asciende-a-73-la-cifra-de-muertos-en-el-incendio-de-un-edificio-en-sudafrica","status":"publish","type":"post","link":"https:\/\/sertv.gob.pa\/nacionalfm\/asciende-a-73-la-cifra-de-muertos-en-el-incendio-de-un-edificio-en-sudafrica\/","title":{"rendered":"Asciende a 73 la cifra de muertos en el incendio de un edificio en Sud\u00e1frica"},"content":{"rendered":"<p><strong><em>Johannesburgo (EFE).- <\/em><\/strong>El n\u00famero de muertos en el incendio de un edificio desatado esta madrugada en el centro de la ciudad sudafricana de Johannesburgo (norte) ha ascendido de 63 a 73, informaron hoy las autoridades, que desconocen todav\u00eda la causa del fuego.<\/p>\n<p>\u201cLa \u00faltima actualizaci\u00f3n es de 73 muertos y 52 heridos. A\u00fan contin\u00faa la operaci\u00f3n de b\u00fasqueda y recuperaci\u00f3n\u201d de v\u00edctimas, afirm\u00f3 el portavoz de los Servicios de Gesti\u00f3n de Emergencias de Johannesburgo, Robert Mulaudzi, en su cuenta de la red social X (antes Twitter).<\/p>\n<p>Anteriormente, Mulaudzi explic\u00f3 a medios locales que los bomberos fueron alertados del incendio en el distrito de Marshalltown alrededor de las 01.30 hora local (23.30 GMT del mi\u00e9rcoles) y que, entre los fallecidos, se encuentra \u201cun ni\u00f1o que podr\u00eda tener entre uno y dos a\u00f1os\u201d.<\/p>\n<p>\u201cEs un edificio de cinco pisos que se incendi\u00f3 en las primeras horas del jueves. Conseguimos evacuar a las personas que estaban dentro tan pronto como llegamos, mientras realiz\u00e1bamos operaciones de extinci\u00f3n de incendios\u201d, detall\u00f3 el portavoz.<\/p>\n<p>Sin embargo, Mulaudzi advirti\u00f3 de que es posible que la cifra de muertos aumente porque \u201cen cada piso hay un asentamiento informal\u201d, y las personas a las que los servicios de rescate estaban tratando de evacuar \u201cquedaron atrapadas por las estructuras entre los pisos\u201d.<\/p>\n<p>\u201cHemos informado a las personas que est\u00e1n en el lugar buscando a sus familiares que las posibilidades de encontrarlos con vida son muy escasas\u201d, lament\u00f3 el portavoz.<\/p>\n<p>Los heridos fueron trasladados al hospital y, entre ellos, algunos sufrieron heridas de poca gravedad y otros inhalaron humo.<br \/>\nSeg\u00fan Mulaudzi, el fuego ya fue contenido pero contin\u00faan las \u201coperaciones de apagado\u201d en la calle Albert Street, donde se halla el inmueble y hay filas de camiones de bomberos y ambulancias.<\/p>\n<p>El alcalde de Johannesburgo, Kabelo Gwamanda, que se desplaz\u00f3 al lugar del siniestro, confirm\u00f3 en declaraciones recogidas por medios locales que el edificio es propiedad de la ciudad, fue arrendado a una ONG y se llama Refugio de Sintecho Usindiso.<\/p>\n<p>Este es el tercer incendio de un edificio que se produce en Johannesburgo durante los \u00faltimos meses, seg\u00fan reportan medios sudafricanos, despu\u00e9s de que dos menores murieran en otro incidente en junio.<\/p>\n","protected":false},"excerpt":{"rendered":"<p>Johannesburgo (EFE).- El n\u00famero de muertos en el incendio de <a href=\"https:\/\/sertv.gob.pa\/nacionalfm\/asciende-a-73-la-cifra-de-muertos-en-el-incendio-de-un-edificio-en-sudafrica\/\"> [&#8230;]<\/a><\/p>\n","protected":false},"author":9,"featured_media":90799,"comment_status":"closed","ping_status":"closed","sticky":false,"template":"","format":"standard","meta":{"footnotes":""},"categories":[3],"tags":[],"class_list":["post-90798","post","type-post","status-publish","format-standard","has-post-thumbnail","hentry","category-internacionales"],"_links":{"self":[{"href":"https:\/\/sertv.gob.pa\/nacionalfm\/wp-json\/wp\/v2\/posts\/90798","targetHints":{"allow":["GET"]}}],"collection":[{"href":"https:\/\/sertv.gob.pa\/nacionalfm\/wp-json\/wp\/v2\/posts"}],"about":[{"href":"https:\/\/sertv.gob.pa\/nacionalfm\/wp-json\/wp\/v2\/types\/post"}],"author":[{"embeddable":true,"href":"https:\/\/sertv.gob.pa\/nacionalfm\/wp-json\/wp\/v2\/users\/9"}],"replies":[{"embeddable":true,"href":"https:\/\/sertv.gob.pa\/nacionalfm\/wp-json\/wp\/v2\/comments?post=90798"}],"version-history":[{"count":1,"href":"https:\/\/sertv.gob.pa\/nacionalfm\/wp-json\/wp\/v2\/posts\/90798\/revisions"}],"predecessor-version":[{"id":90803,"href":"https:\/\/sertv.gob.pa\/nacionalfm\/wp-json\/wp\/v2\/posts\/90798\/revisions\/90803"}],"wp:featuredmedia":[{"embeddable":true,"href":"https:\/\/sertv.gob.pa\/nacionalfm\/wp-json\/wp\/v2\/media\/90799"}],"wp:attachment":[{"href":"https:\/\/sertv.gob.pa\/nacionalfm\/wp-json\/wp\/v2\/media?parent=90798"}],"wp:term":[{"taxonomy":"category","embeddable":true,"href":"https:\/\/sertv.gob.pa\/nacionalfm\/wp-json\/wp\/v2\/categories?post=90798"},{"taxonomy":"post_tag","embeddable":true,"href":"https:\/\/sertv.gob.pa\/nacionalfm\/wp-json\/wp\/v2\/tags?post=90798"}],"curies":[{"name":"wp","href":"https:\/\/api.w.org\/{rel}","templated":true}]}}