{"id":90854,"date":"2023-09-01T16:40:09","date_gmt":"2023-09-01T16:40:09","guid":{"rendered":"https:\/\/sertv.gob.pa\/nacionalfm\/?p=90854"},"modified":"2023-09-01T16:40:09","modified_gmt":"2023-09-01T16:40:09","slug":"hong-kong-se-paraliza-y-eleva-la-alerta-ante-la-llegada-del-supertifon-saola","status":"publish","type":"post","link":"https:\/\/sertv.gob.pa\/nacionalfm\/hong-kong-se-paraliza-y-eleva-la-alerta-ante-la-llegada-del-supertifon-saola\/","title":{"rendered":"Hong Kong se paraliza y eleva la alerta ante la llegada del supertif\u00f3n Saola"},"content":{"rendered":"<p><strong><em>Hong Kong (EFE).-<\/em><\/strong> Hong Kong amaneci\u00f3 hoy paralizada, con colegios, transportes y comercios cerrados, a la espera de la llegada del supertif\u00f3n Saola, que se aproxima a la costa meridional de China, donde podr\u00eda tocar tierra en las pr\u00f3ximas horas.<\/p>\n<p>El Observatorio Meteorol\u00f3gico hongkon\u00e9s elev\u00f3 este viernes a nivel 8 -de una escala de diez- la alerta por tormenta, que podr\u00eda aumentar al m\u00e1ximo grado si la velocidad del viento alcanza niveles de hurac\u00e1n en zonas costeras y elevadas en los pr\u00f3ximos dos d\u00edas.<\/p>\n<p>A las 8.00 hora local la tormenta se encontraba a 230 km hacia el este y el sureste del centro financiero, al que se acercaba con vientos de hasta 205 kil\u00f3metros por hora.<\/p>\n<p>El organismo advirti\u00f3 de que el clima \u201cse deteriorar\u00e1 con rapidez\u201d a lo largo del d\u00eda, con posibilidad de graves inundaciones en las zonas costeras situadas a baja altitud a partir de la tarde, por lo que pidi\u00f3 a los residentes de que se mantengan a resguardo del litoral.<\/p>\n<p>Con este pron\u00f3stico la ciudad se prepara desde el jueves para recibir lluvias torrenciales y fuertes vientos: unas 150 personas fueron evacuadas a albergues provisionales el viernes, mientras en las zonas m\u00e1s bajas, los comercios y vecinos colocaron sacos de arena en las puertas de sus casas y protegieron sus ventanas para evitar destrozos.<\/p>\n<p>De emitirse la excepcional se\u00f1al de tormenta cicl\u00f3nica n\u00famero 10, ser\u00eda la primera vez desde 2018 en que el observatorio iza el aviso de mayor intensidad y la n\u00famero 16 desde que en 1946 se implantaron los registros.<\/p>\n","protected":false},"excerpt":{"rendered":"<p>Hong Kong (EFE).- Hong Kong amaneci\u00f3 hoy paralizada, con colegios, <a href=\"https:\/\/sertv.gob.pa\/nacionalfm\/hong-kong-se-paraliza-y-eleva-la-alerta-ante-la-llegada-del-supertifon-saola\/\"> [&#8230;]<\/a><\/p>\n","protected":false},"author":9,"featured_media":90855,"comment_status":"closed","ping_status":"closed","sticky":false,"template":"","format":"standard","meta":{"footnotes":""},"categories":[3],"tags":[],"class_list":["post-90854","post","type-post","status-publish","format-standard","has-post-thumbnail","hentry","category-internacionales"],"_links":{"self":[{"href":"https:\/\/sertv.gob.pa\/nacionalfm\/wp-json\/wp\/v2\/posts\/90854","targetHints":{"allow":["GET"]}}],"collection":[{"href":"https:\/\/sertv.gob.pa\/nacionalfm\/wp-json\/wp\/v2\/posts"}],"about":[{"href":"https:\/\/sertv.gob.pa\/nacionalfm\/wp-json\/wp\/v2\/types\/post"}],"author":[{"embeddable":true,"href":"https:\/\/sertv.gob.pa\/nacionalfm\/wp-json\/wp\/v2\/users\/9"}],"replies":[{"embeddable":true,"href":"https:\/\/sertv.gob.pa\/nacionalfm\/wp-json\/wp\/v2\/comments?post=90854"}],"version-history":[{"count":1,"href":"https:\/\/sertv.gob.pa\/nacionalfm\/wp-json\/wp\/v2\/posts\/90854\/revisions"}],"predecessor-version":[{"id":90858,"href":"https:\/\/sertv.gob.pa\/nacionalfm\/wp-json\/wp\/v2\/posts\/90854\/revisions\/90858"}],"wp:featuredmedia":[{"embeddable":true,"href":"https:\/\/sertv.gob.pa\/nacionalfm\/wp-json\/wp\/v2\/media\/90855"}],"wp:attachment":[{"href":"https:\/\/sertv.gob.pa\/nacionalfm\/wp-json\/wp\/v2\/media?parent=90854"}],"wp:term":[{"taxonomy":"category","embeddable":true,"href":"https:\/\/sertv.gob.pa\/nacionalfm\/wp-json\/wp\/v2\/categories?post=90854"},{"taxonomy":"post_tag","embeddable":true,"href":"https:\/\/sertv.gob.pa\/nacionalfm\/wp-json\/wp\/v2\/tags?post=90854"}],"curies":[{"name":"wp","href":"https:\/\/api.w.org\/{rel}","templated":true}]}}