{"id":90859,"date":"2023-09-01T17:05:04","date_gmt":"2023-09-01T17:05:04","guid":{"rendered":"https:\/\/sertv.gob.pa\/nacionalfm\/?p=90859"},"modified":"2023-09-01T17:05:04","modified_gmt":"2023-09-01T17:05:04","slug":"el-papa-llega-a-mongolia-y-descansara-durante-toda-la-jornada-tras-el-largo-viaje","status":"publish","type":"post","link":"https:\/\/sertv.gob.pa\/nacionalfm\/el-papa-llega-a-mongolia-y-descansara-durante-toda-la-jornada-tras-el-largo-viaje\/","title":{"rendered":"El papa llega a Mongolia y descansar\u00e1 durante toda la jornada tras el largo viaje"},"content":{"rendered":"<p><strong><em>Ul\u00e1n Bator (EFE).-<\/em><\/strong>\u00a0<a href=\"https:\/\/efe.com\/mundo\/2023-08-31\/papa-viaje-mongolia\/\" target=\"_blank\" rel=\"noopener\"><strong>El papa Francisco lleg\u00f3 hoy a Mongolia,<\/strong><\/a>\u00a0siendo as\u00ed el primer pont\u00edfice que visita este pa\u00eds con el objetivo de dar \u00e1nimos a la peque\u00f1a comunidad cat\u00f3lica, de cerca 1.400 personas, y descansar\u00e1 durante toda la jornada pare recuperarse de las 9 horas y media de vuelo y del horario.<\/p>\n<p>A su llegada al aeropuerto internacional Chinggis Khaan fue recibido por la ministra de Asuntos Exteriores, Battsetseg Batmunkh, y por una joven que le ofreci\u00f3 yogur seco, una usanza t\u00edpica del pa\u00eds, y despu\u00e9s se reunieron durante algunos minutos en una sala del aeropuerto ya que la ceremonia oficial de bienvenida se celebrar\u00e1 ma\u00f1ana.<\/p>\n<p>Despu\u00e9s Francisco ir\u00e1 a descansar a la prefectura, la residencia del prefecto de Ul\u00e1n Bator, el cardenal Giorgio Marengo, ya que el Vaticano no cuenta con una nunciatura (embajada) en el pa\u00eds.<\/p>\n","protected":false},"excerpt":{"rendered":"<p>Ul\u00e1n Bator (EFE).-\u00a0El papa Francisco lleg\u00f3 hoy a Mongolia,\u00a0siendo as\u00ed <a href=\"https:\/\/sertv.gob.pa\/nacionalfm\/el-papa-llega-a-mongolia-y-descansara-durante-toda-la-jornada-tras-el-largo-viaje\/\"> [&#8230;]<\/a><\/p>\n","protected":false},"author":9,"featured_media":90860,"comment_status":"closed","ping_status":"closed","sticky":false,"template":"","format":"standard","meta":{"footnotes":""},"categories":[3],"tags":[],"class_list":["post-90859","post","type-post","status-publish","format-standard","has-post-thumbnail","hentry","category-internacionales"],"_links":{"self":[{"href":"https:\/\/sertv.gob.pa\/nacionalfm\/wp-json\/wp\/v2\/posts\/90859","targetHints":{"allow":["GET"]}}],"collection":[{"href":"https:\/\/sertv.gob.pa\/nacionalfm\/wp-json\/wp\/v2\/posts"}],"about":[{"href":"https:\/\/sertv.gob.pa\/nacionalfm\/wp-json\/wp\/v2\/types\/post"}],"author":[{"embeddable":true,"href":"https:\/\/sertv.gob.pa\/nacionalfm\/wp-json\/wp\/v2\/users\/9"}],"replies":[{"embeddable":true,"href":"https:\/\/sertv.gob.pa\/nacionalfm\/wp-json\/wp\/v2\/comments?post=90859"}],"version-history":[{"count":1,"href":"https:\/\/sertv.gob.pa\/nacionalfm\/wp-json\/wp\/v2\/posts\/90859\/revisions"}],"predecessor-version":[{"id":90863,"href":"https:\/\/sertv.gob.pa\/nacionalfm\/wp-json\/wp\/v2\/posts\/90859\/revisions\/90863"}],"wp:featuredmedia":[{"embeddable":true,"href":"https:\/\/sertv.gob.pa\/nacionalfm\/wp-json\/wp\/v2\/media\/90860"}],"wp:attachment":[{"href":"https:\/\/sertv.gob.pa\/nacionalfm\/wp-json\/wp\/v2\/media?parent=90859"}],"wp:term":[{"taxonomy":"category","embeddable":true,"href":"https:\/\/sertv.gob.pa\/nacionalfm\/wp-json\/wp\/v2\/categories?post=90859"},{"taxonomy":"post_tag","embeddable":true,"href":"https:\/\/sertv.gob.pa\/nacionalfm\/wp-json\/wp\/v2\/tags?post=90859"}],"curies":[{"name":"wp","href":"https:\/\/api.w.org\/{rel}","templated":true}]}}