{"id":9091,"date":"2015-12-01T18:23:40","date_gmt":"2015-12-01T18:23:40","guid":{"rendered":""},"modified":"2015-12-01T18:23:40","modified_gmt":"2015-12-01T18:23:40","slug":"en-la-panama-ocupa-primer-lugar-con-mayor-prevalencia-de-vih","status":"publish","type":"post","link":"https:\/\/sertv.gob.pa\/nacionalfm\/en-la-panama-ocupa-primer-lugar-con-mayor-prevalencia-de-vih\/","title":{"rendered":"En LA, Panam\u00e1 ocupa primer lugar con mayor prevalencia de VIH"},"content":{"rendered":"<p>\nDesde 1984 que se detect\u00f3 el primer caso de VIH-Sida en Panam\u00e1 alrededor de  14,631 paname\u00f1os viven con esta infecci\u00f3n de transmisi\u00f3n sexual  (ITS). <\/p>\n<p>La situaci\u00f3n es motivo de preocupaci\u00f3n, no solo a nivel nacional sino internacional, toda vez que  el pa\u00eds se ubica en el primer lugar de Latinoam\u00e9rica con mayor prevalencia del virus.  <\/p>\n<p>D e los m\u00e1s de 14,000 casos registrados, 10 mil 909 son hombres , seg\u00fan cifras del Ministerio de Salud. <\/p>\n<p>Ante el aumento de la enfermedad en adultos, igualmente se efect\u00faan estudios en adolescentes para medir la situaci\u00f3n del VIH en este grupo de la poblaci\u00f3n. <\/p>\n<p>Resultados preliminares de un censo que llev\u00f3 a cabo el Instituto Conmemorativos Gorgas de Estudios de la Salud en el distrito de Panam\u00e1 dan cuenta que  la ITS est\u00e1 acechando a los adolescentes.  <\/p>\n<p>\u00a0 <\/p>\n<p>\u00a0 <\/p>\n","protected":false},"excerpt":{"rendered":"<p>Desde 1984 que se detect\u00f3 el primer caso de VIH-Sida <a href=\"https:\/\/sertv.gob.pa\/nacionalfm\/en-la-panama-ocupa-primer-lugar-con-mayor-prevalencia-de-vih\/\"> [&#8230;]<\/a><\/p>\n","protected":false},"author":1,"featured_media":9092,"comment_status":"closed","ping_status":"closed","sticky":false,"template":"","format":"standard","meta":{"footnotes":""},"categories":[5],"tags":[],"class_list":["post-9091","post","type-post","status-publish","format-standard","has-post-thumbnail","hentry","category-salud"],"_links":{"self":[{"href":"https:\/\/sertv.gob.pa\/nacionalfm\/wp-json\/wp\/v2\/posts\/9091","targetHints":{"allow":["GET"]}}],"collection":[{"href":"https:\/\/sertv.gob.pa\/nacionalfm\/wp-json\/wp\/v2\/posts"}],"about":[{"href":"https:\/\/sertv.gob.pa\/nacionalfm\/wp-json\/wp\/v2\/types\/post"}],"author":[{"embeddable":true,"href":"https:\/\/sertv.gob.pa\/nacionalfm\/wp-json\/wp\/v2\/users\/1"}],"replies":[{"embeddable":true,"href":"https:\/\/sertv.gob.pa\/nacionalfm\/wp-json\/wp\/v2\/comments?post=9091"}],"version-history":[{"count":0,"href":"https:\/\/sertv.gob.pa\/nacionalfm\/wp-json\/wp\/v2\/posts\/9091\/revisions"}],"wp:featuredmedia":[{"embeddable":true,"href":"https:\/\/sertv.gob.pa\/nacionalfm\/wp-json\/wp\/v2\/media\/9092"}],"wp:attachment":[{"href":"https:\/\/sertv.gob.pa\/nacionalfm\/wp-json\/wp\/v2\/media?parent=9091"}],"wp:term":[{"taxonomy":"category","embeddable":true,"href":"https:\/\/sertv.gob.pa\/nacionalfm\/wp-json\/wp\/v2\/categories?post=9091"},{"taxonomy":"post_tag","embeddable":true,"href":"https:\/\/sertv.gob.pa\/nacionalfm\/wp-json\/wp\/v2\/tags?post=9091"}],"curies":[{"name":"wp","href":"https:\/\/api.w.org\/{rel}","templated":true}]}}