{"id":90917,"date":"2023-09-04T18:39:55","date_gmt":"2023-09-04T18:39:55","guid":{"rendered":"https:\/\/sertv.gob.pa\/nacionalfm\/?p=90917"},"modified":"2023-09-04T18:39:55","modified_gmt":"2023-09-04T18:39:55","slug":"la-dana-cede-pero-deja-tres-fallecidos-en-toledo-tres-desaparecidos-en-madrid-y-miles-de-incidencias","status":"publish","type":"post","link":"https:\/\/sertv.gob.pa\/nacionalfm\/la-dana-cede-pero-deja-tres-fallecidos-en-toledo-tres-desaparecidos-en-madrid-y-miles-de-incidencias\/","title":{"rendered":"La Dana cede pero deja tres fallecidos en Toledo, tres desaparecidos en Madrid y miles de incidencias"},"content":{"rendered":"<p><strong><em>Madrid (EFE).-<\/em><\/strong> La depresi\u00f3n aislada en niveles altos (DANA) que durante las \u00faltimas horas ha afectado a amplias zonas del pa\u00eds, con intensas y abundantes lluvias tormentosas, comienza a ceder dejando a su paso tres fallecidos, dos desaparecidos y miles de incidencias con carreteras colapsadas, viviendas inundadas, crecidas de r\u00edos y problemas en el transporte.<\/p>\n<p>En las \u00faltimas horas tres hombres han fallecido en la provincia de Toledo, uno en Casarrubios del Monte y otro en la A-40, en el municipio de Bargas; adem\u00e1s, un menor ha sido rescatado despu\u00e9s de que el coche en el que viajaba con su familia cayera al r\u00edo Alberche en Aldea del Fresno (Madrid).<\/p>\n<p>Otro hombre de Camarena, en Toledo, ha sido localizado sin vida sobre las 16:00 horas de este lunes, que estaba en paradero desconocido.<\/p>\n<p>Fuentes del Instituto Armado han informado a EFE de que el fallecido es un hombre de 50 a\u00f1os, que ha sido localizado en el cauce del Arroyo Gadea, pr\u00f3ximo a su vivienda.<\/p>\n<p>Seg\u00fan informa Emergencias 112 Comunidad de Madrid, el menor de 10 a\u00f1os ha sido localizado con vida encaramado a un \u00e1rbol, con hipotermia y golpes y ha sido atendido en el Punto de Atenci\u00f3n Continuada (PAC) de Navas del Rey antes de ser trasladado al hospital p\u00fablico Rey Juan Carlos, en M\u00f3stoles.<\/p>\n<p>Por su parte, la Guardia Civil contin\u00faa buscando a tres personas desaparecidas por las inundaciones en la cuenca del Alberche: el primero se trata del padre del menor rescatado de un \u00e1rbol, cuyo coche cay\u00f3 al r\u00edo en Aldea del Fresno y el segundo es un var\u00f3n de 83 a\u00f1os arrastrado por la corriente en Villamanta (Madrid), cuando se encontraba en las inmediaciones de una residencia.<\/p>\n<p>La tercera es una mujer que est\u00e1 desaparecida desde la noche de este domingo al lunes, cuando circulaba con su veh\u00edculo por la carretera CM-4004 a la altura del t\u00e9rmino municipal de Valmojado (Toledo).<\/p>\n","protected":false},"excerpt":{"rendered":"<p>Madrid (EFE).- La depresi\u00f3n aislada en niveles altos (DANA) que <a href=\"https:\/\/sertv.gob.pa\/nacionalfm\/la-dana-cede-pero-deja-tres-fallecidos-en-toledo-tres-desaparecidos-en-madrid-y-miles-de-incidencias\/\"> [&#8230;]<\/a><\/p>\n","protected":false},"author":9,"featured_media":90918,"comment_status":"closed","ping_status":"closed","sticky":false,"template":"","format":"standard","meta":{"footnotes":""},"categories":[3],"tags":[],"class_list":["post-90917","post","type-post","status-publish","format-standard","has-post-thumbnail","hentry","category-internacionales"],"_links":{"self":[{"href":"https:\/\/sertv.gob.pa\/nacionalfm\/wp-json\/wp\/v2\/posts\/90917","targetHints":{"allow":["GET"]}}],"collection":[{"href":"https:\/\/sertv.gob.pa\/nacionalfm\/wp-json\/wp\/v2\/posts"}],"about":[{"href":"https:\/\/sertv.gob.pa\/nacionalfm\/wp-json\/wp\/v2\/types\/post"}],"author":[{"embeddable":true,"href":"https:\/\/sertv.gob.pa\/nacionalfm\/wp-json\/wp\/v2\/users\/9"}],"replies":[{"embeddable":true,"href":"https:\/\/sertv.gob.pa\/nacionalfm\/wp-json\/wp\/v2\/comments?post=90917"}],"version-history":[{"count":1,"href":"https:\/\/sertv.gob.pa\/nacionalfm\/wp-json\/wp\/v2\/posts\/90917\/revisions"}],"predecessor-version":[{"id":90919,"href":"https:\/\/sertv.gob.pa\/nacionalfm\/wp-json\/wp\/v2\/posts\/90917\/revisions\/90919"}],"wp:featuredmedia":[{"embeddable":true,"href":"https:\/\/sertv.gob.pa\/nacionalfm\/wp-json\/wp\/v2\/media\/90918"}],"wp:attachment":[{"href":"https:\/\/sertv.gob.pa\/nacionalfm\/wp-json\/wp\/v2\/media?parent=90917"}],"wp:term":[{"taxonomy":"category","embeddable":true,"href":"https:\/\/sertv.gob.pa\/nacionalfm\/wp-json\/wp\/v2\/categories?post=90917"},{"taxonomy":"post_tag","embeddable":true,"href":"https:\/\/sertv.gob.pa\/nacionalfm\/wp-json\/wp\/v2\/tags?post=90917"}],"curies":[{"name":"wp","href":"https:\/\/api.w.org\/{rel}","templated":true}]}}