{"id":90920,"date":"2023-09-04T18:52:25","date_gmt":"2023-09-04T18:52:25","guid":{"rendered":"https:\/\/sertv.gob.pa\/nacionalfm\/?p=90920"},"modified":"2023-09-04T18:52:25","modified_gmt":"2023-09-04T18:52:25","slug":"francia-afronta-una-nueva-ola-de-calor-que-se-presume-excepcional-en-esta-epoca-del-ano","status":"publish","type":"post","link":"https:\/\/sertv.gob.pa\/nacionalfm\/francia-afronta-una-nueva-ola-de-calor-que-se-presume-excepcional-en-esta-epoca-del-ano\/","title":{"rendered":"Francia afronta una nueva ola de calor, que se presume excepcional en esta \u00e9poca del a\u00f1o"},"content":{"rendered":"<p><strong>\u00a0<\/strong><strong>Par\u00eds (EFE).- <\/strong>Una ola de calor que ha empezado en Francia, apenas una decena de d\u00edas despu\u00e9s de la \u00faltima que afect\u00f3 al sur del pa\u00eds con temperaturas r\u00e9cord, va a prolongarse durante al menos toda la semana, seg\u00fan los servicios meteorol\u00f3gicos, que avisan de que podr\u00eda ser excepcional por su intensidad y duraci\u00f3n.<\/p>\n<p>M\u00e9t\u00e9o France se\u00f1ala este lunes que se esperan \u201ctemperaturas in\u00e9ditas para un mes de septiembre\u201d en el cuarto suroeste y que \u201cno se entrev\u00e9 ning\u00fan verdadero refrescamiento al menos antes del domingo\u201d.<\/p>\n<p>Y eso despu\u00e9s de anunciar que este verano meteorol\u00f3gico (junio, julio y agosto) ha sido el cuarto m\u00e1s caluroso desde comienzos del siglo XX, solo por detr\u00e1s de los de 2003, 2022 y 2018.<\/p>\n<p><strong><em>R\u00e9cord de m\u00ednimas m\u00e1s altas\u00a0<\/em><\/strong><\/p>\n<p>En la pasada noche, se dieron las m\u00ednimas m\u00e1s altas desde que existen registros en la ciudad de Montauban (24,4 grados) y hubo igualmente r\u00e9cords para un mes de septiembre en Toulouse (24,2 grados), Nantes (21,6) y Quimper (20,5).<\/p>\n<p>Esta tarde, los term\u00f3metros van a subir hasta los 36-38 grados en una amplia \u00e1rea interior en torno a Burdeos, y localmente podr\u00edan llegar hasta los 39.<\/p>\n<p>El martes, el fuerte calor va a extenderse tambi\u00e9n hacia el norte, y as\u00ed se alcanzar\u00e1n los 34 grados en Par\u00eds, Chartres o Auxerre, pero tambi\u00e9n los 35 en Lyon. En la capital, las m\u00e1ximas continuar\u00e1n toda la semana por encima de los 30 grados.<\/p>\n<p>De hecho, desde el martes y hasta el domingo las temperaturas en buena parte del interior se mover\u00e1n en una horquilla de 33 a 36 grados.<\/p>\n<p>M\u00e9t\u00e9o France recuerda que en otros meses de septiembre Francia ya ha vivido episodios de can\u00edcula tard\u00eda inhabituales, con el term\u00f3metro por encima del list\u00f3n de los 35 grados. El actual -concluye- \u201cpodr\u00eda presentar un car\u00e1cter excepcional por su intensidad y su duraci\u00f3n\u201d. <strong><em>EFEverde<\/em><\/strong><\/p>\n","protected":false},"excerpt":{"rendered":"<p>\u00a0Par\u00eds (EFE).- Una ola de calor que ha empezado en <a href=\"https:\/\/sertv.gob.pa\/nacionalfm\/francia-afronta-una-nueva-ola-de-calor-que-se-presume-excepcional-en-esta-epoca-del-ano\/\"> [&#8230;]<\/a><\/p>\n","protected":false},"author":9,"featured_media":90921,"comment_status":"closed","ping_status":"closed","sticky":false,"template":"","format":"standard","meta":{"footnotes":""},"categories":[3],"tags":[],"class_list":["post-90920","post","type-post","status-publish","format-standard","has-post-thumbnail","hentry","category-internacionales"],"_links":{"self":[{"href":"https:\/\/sertv.gob.pa\/nacionalfm\/wp-json\/wp\/v2\/posts\/90920","targetHints":{"allow":["GET"]}}],"collection":[{"href":"https:\/\/sertv.gob.pa\/nacionalfm\/wp-json\/wp\/v2\/posts"}],"about":[{"href":"https:\/\/sertv.gob.pa\/nacionalfm\/wp-json\/wp\/v2\/types\/post"}],"author":[{"embeddable":true,"href":"https:\/\/sertv.gob.pa\/nacionalfm\/wp-json\/wp\/v2\/users\/9"}],"replies":[{"embeddable":true,"href":"https:\/\/sertv.gob.pa\/nacionalfm\/wp-json\/wp\/v2\/comments?post=90920"}],"version-history":[{"count":1,"href":"https:\/\/sertv.gob.pa\/nacionalfm\/wp-json\/wp\/v2\/posts\/90920\/revisions"}],"predecessor-version":[{"id":90922,"href":"https:\/\/sertv.gob.pa\/nacionalfm\/wp-json\/wp\/v2\/posts\/90920\/revisions\/90922"}],"wp:featuredmedia":[{"embeddable":true,"href":"https:\/\/sertv.gob.pa\/nacionalfm\/wp-json\/wp\/v2\/media\/90921"}],"wp:attachment":[{"href":"https:\/\/sertv.gob.pa\/nacionalfm\/wp-json\/wp\/v2\/media?parent=90920"}],"wp:term":[{"taxonomy":"category","embeddable":true,"href":"https:\/\/sertv.gob.pa\/nacionalfm\/wp-json\/wp\/v2\/categories?post=90920"},{"taxonomy":"post_tag","embeddable":true,"href":"https:\/\/sertv.gob.pa\/nacionalfm\/wp-json\/wp\/v2\/tags?post=90920"}],"curies":[{"name":"wp","href":"https:\/\/api.w.org\/{rel}","templated":true}]}}