{"id":90951,"date":"2023-09-05T17:42:16","date_gmt":"2023-09-05T17:42:16","guid":{"rendered":"https:\/\/sertv.gob.pa\/nacionalfm\/?p=90951"},"modified":"2023-09-05T17:42:16","modified_gmt":"2023-09-05T17:42:16","slug":"el-papa-visita-un-centro-de-caridad-en-mongolia-y-asegura-que-la-iglesia-no-hace-proselitismo","status":"publish","type":"post","link":"https:\/\/sertv.gob.pa\/nacionalfm\/el-papa-visita-un-centro-de-caridad-en-mongolia-y-asegura-que-la-iglesia-no-hace-proselitismo\/","title":{"rendered":"El papa visita un centro de caridad en Mongolia y asegura que la Iglesia no hace proselitismo"},"content":{"rendered":"<p><strong><em>Ul\u00e1n Bator (EFE).-<\/em><\/strong> El papa Francisco inaugur\u00f3 este lunes la \u201cCasa de La Misericordia\u201d en la capital de Mongolia, un centro que se ocupar\u00e1 de los m\u00e1s necesitados, de v\u00edctimas de violencia y migrantes, y asegur\u00f3 que la Iglesia cat\u00f3lica \u201cque se distingue en el mundo por su gran compromiso en obras de promoci\u00f3n social, no hace todo esto por proselitismo\u201d.<\/p>\n<p>En el \u00faltimo acto de su visita a Mongolia, donde lleg\u00f3 el pasado viernes, para dar \u00e1nimos a la peque\u00f1a comunidad de unos 1.400 cat\u00f3licos, Francisco acudi\u00f3 al que era un edificio en desuso en el distrito de Bayangol y que se ha convertido tras la intervenci\u00f3n de la Iglesia en un refugio temporal para mujeres y menores obligados a huir de sus hogares por violencia, pero tambi\u00e9n un lugar para primeros auxilios para atender a personas sin hogar.<\/p>\n<p>En una de las salas del centro, que tambi\u00e9n servir\u00e1 de albergue temporal para los inmigrantes que lleguen a la ciudad sin ning\u00fan punto de referencia, Francisco record\u00f3 que \u201clos primeros misioneros llegaron a Ul\u00e1n Bator en los a\u00f1os noventa, sintieron inmediatamente la llamada a la caridad\u201d.<\/p>\n<p>Despu\u00e9s de que algunos j\u00f3venes con discapacidades cantasen y bailasen para \u00e9l, el papa afirm\u00f3 que \u201cel verdadero progreso de las naciones, en efecto, no se mide en base a la riqueza econ\u00f3mica ni mucho menos a los que invierten en la ilusoria potencia de los armamentos, sino a la capacidad de hacerse cargo de la salud, la educaci\u00f3n y el crecimiento integral de la gente\u201d.<\/p>\n<p>&nbsp;<\/p>\n<p><strong>Discurso del papa<\/strong><\/p>\n<p>Francisco aprovech\u00f3 tambi\u00e9n su discurso para \u201canimar a todos los ciudadanos de Mongolia, conocidos por su magnanimidad y capacidad de abnegaci\u00f3n, a comprometerse en el voluntariado\u201d y asegur\u00f3 que fue el Gobierno del pa\u00eds quien pidi\u00f3 a la iglesia que ayudase en algunas emergencias sociales, as\u00ed como quiso desmentir algunos mitos sobre la solidaridad.<\/p>\n<p>\u201cEn primer lugar, aquel por el cual s\u00f3lo las personas pudientes pueden comprometerse en el voluntariado. La realidad dice lo contrario: no es necesario ser ricos para hacer el bien, es m\u00e1s, casi siempre son las personas comunes las que dedican tiempo, conocimientos y coraz\u00f3n para ocuparse de los dem\u00e1s\u201d, dijo.<\/p>\n<p>Y continu\u00f3 que se debe desmontar el mito que apunta a \u201cque a Iglesia cat\u00f3lica, que se distingue en el mundo por su gran compromiso en obras de promoci\u00f3n social, hace todo esto por proselitismo, como si ocuparse de los otros fuera una forma de convencerlos y ponerlos de su lado\u201d.<\/p>\n<p>\u201cNo, la Iglesia no va adelante por proselitismo, va adelante por atracci\u00f3n\u201d, asever\u00f3 el papa, que agreg\u00f3 que \u201clos cristianos reconocen a quienes pasan necesidad y hacen lo posible para aliviar sus sufrimientos porque all\u00ed ven a Jes\u00fas\u201d.<\/p>\n<p>Y que otro mito \u201ca desenmascarar es aquel seg\u00fan el cual lo que cuenta ser\u00edan s\u00f3lo los medios econ\u00f3micos, como si el \u00fanico modo para hacerse cargo de los dem\u00e1s fuera la contrataci\u00f3n de personal asalariado y el equipamiento de grandes estructuras\u201d pues aunque la caridad requiere profesionalidad, \u201clas iniciativas ben\u00e9ficas no deben convertirse en empresas, sino conservar la frescura de las obras de caridad\u201d.<\/p>\n<p>Tras esta visita, el papa se dirigi\u00f3 al aeropuerto para regresar a Roma, donde aterrizar\u00e1 a las 17:30 italianas (16:30 GMT) tras once horas de vuelo.<\/p>\n<p>&nbsp;<\/p>\n","protected":false},"excerpt":{"rendered":"<p>Ul\u00e1n Bator (EFE).- El papa Francisco inaugur\u00f3 este lunes la <a href=\"https:\/\/sertv.gob.pa\/nacionalfm\/el-papa-visita-un-centro-de-caridad-en-mongolia-y-asegura-que-la-iglesia-no-hace-proselitismo\/\"> [&#8230;]<\/a><\/p>\n","protected":false},"author":9,"featured_media":90952,"comment_status":"closed","ping_status":"closed","sticky":false,"template":"","format":"standard","meta":{"footnotes":""},"categories":[3],"tags":[],"class_list":["post-90951","post","type-post","status-publish","format-standard","has-post-thumbnail","hentry","category-internacionales"],"_links":{"self":[{"href":"https:\/\/sertv.gob.pa\/nacionalfm\/wp-json\/wp\/v2\/posts\/90951","targetHints":{"allow":["GET"]}}],"collection":[{"href":"https:\/\/sertv.gob.pa\/nacionalfm\/wp-json\/wp\/v2\/posts"}],"about":[{"href":"https:\/\/sertv.gob.pa\/nacionalfm\/wp-json\/wp\/v2\/types\/post"}],"author":[{"embeddable":true,"href":"https:\/\/sertv.gob.pa\/nacionalfm\/wp-json\/wp\/v2\/users\/9"}],"replies":[{"embeddable":true,"href":"https:\/\/sertv.gob.pa\/nacionalfm\/wp-json\/wp\/v2\/comments?post=90951"}],"version-history":[{"count":1,"href":"https:\/\/sertv.gob.pa\/nacionalfm\/wp-json\/wp\/v2\/posts\/90951\/revisions"}],"predecessor-version":[{"id":90953,"href":"https:\/\/sertv.gob.pa\/nacionalfm\/wp-json\/wp\/v2\/posts\/90951\/revisions\/90953"}],"wp:featuredmedia":[{"embeddable":true,"href":"https:\/\/sertv.gob.pa\/nacionalfm\/wp-json\/wp\/v2\/media\/90952"}],"wp:attachment":[{"href":"https:\/\/sertv.gob.pa\/nacionalfm\/wp-json\/wp\/v2\/media?parent=90951"}],"wp:term":[{"taxonomy":"category","embeddable":true,"href":"https:\/\/sertv.gob.pa\/nacionalfm\/wp-json\/wp\/v2\/categories?post=90951"},{"taxonomy":"post_tag","embeddable":true,"href":"https:\/\/sertv.gob.pa\/nacionalfm\/wp-json\/wp\/v2\/tags?post=90951"}],"curies":[{"name":"wp","href":"https:\/\/api.w.org\/{rel}","templated":true}]}}