{"id":90990,"date":"2023-09-06T17:25:50","date_gmt":"2023-09-06T17:25:50","guid":{"rendered":"https:\/\/sertv.gob.pa\/nacionalfm\/?p=90990"},"modified":"2023-09-06T17:25:50","modified_gmt":"2023-09-06T17:25:50","slug":"el-planeta-tuvo-hasta-agosto-los-3-meses-seguidos-mas-calientes-desde-que-hay-registros","status":"publish","type":"post","link":"https:\/\/sertv.gob.pa\/nacionalfm\/el-planeta-tuvo-hasta-agosto-los-3-meses-seguidos-mas-calientes-desde-que-hay-registros\/","title":{"rendered":"El planeta tuvo hasta agosto los 3 meses seguidos m\u00e1s calientes desde que hay registros."},"content":{"rendered":"<p><strong><em>Ginebra (EFE).-<\/em><\/strong> El planeta tuvo, con el pasado mes de agosto, los tres meses consecutivos m\u00e1s calientes desde que existen registros, seg\u00fan los datos confirmados por el servicio dedicado al cambio clim\u00e1tico Copernicus.<\/p>\n<p>La Organizaci\u00f3n Meteorol\u00f3gica Mundial (OMM) ha anunciado este mi\u00e9rcoles que por un margen considerable, el pasado mes fue el agosto m\u00e1s caliente desde que hay medidas y el segundo m\u00e1s caliente entre todos los meses, despu\u00e9s de que este \u00falitmo julio rompiera todos los r\u00e9cords.<\/p>\n<p>Se ha estimado que agosto ha estado en 1,5 grados Celsius por encima de la era preindustrial situada entre 1850 y 1900, y el a\u00f1o 2023 se considera hasta ahora (con mediciones realizadas de enero a agosto) el segundo m\u00e1s caliente despu\u00e9s de 2016.<\/p>\n<p>En ambos a\u00f1os -2016 y 2023- se ha desarrollado El Ni\u00f1o, un poderoso fen\u00f3meno clim\u00e1tico que aumenta las temperaturas de las aguas del Pac\u00edfico oriental ecuatorial y acent\u00faa ciertos fen\u00f3menos meteorol\u00f3gicos en distintas partes del planeta, como abundantes lluvias o sequ\u00edas.<\/p>\n<p>&nbsp;<\/p>\n","protected":false},"excerpt":{"rendered":"<p>Ginebra (EFE).- El planeta tuvo, con el pasado mes de <a href=\"https:\/\/sertv.gob.pa\/nacionalfm\/el-planeta-tuvo-hasta-agosto-los-3-meses-seguidos-mas-calientes-desde-que-hay-registros\/\"> [&#8230;]<\/a><\/p>\n","protected":false},"author":9,"featured_media":90991,"comment_status":"closed","ping_status":"closed","sticky":false,"template":"","format":"standard","meta":{"footnotes":""},"categories":[3],"tags":[],"class_list":["post-90990","post","type-post","status-publish","format-standard","has-post-thumbnail","hentry","category-internacionales"],"_links":{"self":[{"href":"https:\/\/sertv.gob.pa\/nacionalfm\/wp-json\/wp\/v2\/posts\/90990","targetHints":{"allow":["GET"]}}],"collection":[{"href":"https:\/\/sertv.gob.pa\/nacionalfm\/wp-json\/wp\/v2\/posts"}],"about":[{"href":"https:\/\/sertv.gob.pa\/nacionalfm\/wp-json\/wp\/v2\/types\/post"}],"author":[{"embeddable":true,"href":"https:\/\/sertv.gob.pa\/nacionalfm\/wp-json\/wp\/v2\/users\/9"}],"replies":[{"embeddable":true,"href":"https:\/\/sertv.gob.pa\/nacionalfm\/wp-json\/wp\/v2\/comments?post=90990"}],"version-history":[{"count":1,"href":"https:\/\/sertv.gob.pa\/nacionalfm\/wp-json\/wp\/v2\/posts\/90990\/revisions"}],"predecessor-version":[{"id":90992,"href":"https:\/\/sertv.gob.pa\/nacionalfm\/wp-json\/wp\/v2\/posts\/90990\/revisions\/90992"}],"wp:featuredmedia":[{"embeddable":true,"href":"https:\/\/sertv.gob.pa\/nacionalfm\/wp-json\/wp\/v2\/media\/90991"}],"wp:attachment":[{"href":"https:\/\/sertv.gob.pa\/nacionalfm\/wp-json\/wp\/v2\/media?parent=90990"}],"wp:term":[{"taxonomy":"category","embeddable":true,"href":"https:\/\/sertv.gob.pa\/nacionalfm\/wp-json\/wp\/v2\/categories?post=90990"},{"taxonomy":"post_tag","embeddable":true,"href":"https:\/\/sertv.gob.pa\/nacionalfm\/wp-json\/wp\/v2\/tags?post=90990"}],"curies":[{"name":"wp","href":"https:\/\/api.w.org\/{rel}","templated":true}]}}