{"id":91015,"date":"2023-09-07T13:33:23","date_gmt":"2023-09-07T13:33:23","guid":{"rendered":"https:\/\/sertv.gob.pa\/nacionalfm\/?p=91015"},"modified":"2023-09-07T13:33:23","modified_gmt":"2023-09-07T13:33:23","slug":"estas-en-busca-de-empleo-asiste-a-la-feria-de-empleo-expo-konzerta-los-dias-7-y-8-de-septiembre-en-atlapa","status":"publish","type":"post","link":"https:\/\/sertv.gob.pa\/nacionalfm\/estas-en-busca-de-empleo-asiste-a-la-feria-de-empleo-expo-konzerta-los-dias-7-y-8-de-septiembre-en-atlapa\/","title":{"rendered":"\u00a1Est\u00e1s en busca de empleo! Asiste a la Feria de empleo Expo Konzerta los d\u00edas 7 y 8 de septiembre en ATLAPA"},"content":{"rendered":"<p><strong><em>Una ventana de oportunidades en un solo lugar, ofrecer\u00e1 la Feria de Empleo Expo Konzerta 2023, en la cual podr\u00e1s aplicar a las m\u00e1s de 4 mil vacantes en distintas \u00e1reas de nuestra econom\u00eda nacional que ofertar\u00e1n las m\u00e1s de 40 empresas del sector privado e instituciones p\u00fablicas que est\u00e1n en busca de talentos.<\/em><\/strong><\/p>\n<p><strong><em>Expo Konzerta 2023, se desarrolla en alianza con el Ministerio de Trabajo y Desarrollo Laboral, la C\u00e1mara de Comercio, Industria y Agricultura (CCIAP) y la Asociaci\u00f3n Nacional de Profesionales de Recursos Humanos (ANREH), con el objetivo de promover el empleo decente y la dinamizaci\u00f3n econ\u00f3mica de nuestro pa\u00eds, adem\u00e1s de atender las necesidades de las empresas y las expectativas de los buscadores de empleo, inform\u00f3 Alfredo Mitre, director de Empleo del MITRADEL.<\/em><\/strong><\/p>\n<p><strong><em>Los participantes en la feria, tendr\u00e1n la ocasi\u00f3n de realizar sus entrevistas con el personal de recursos humanos de las empresas de manera presencial, adem\u00e1s de dejar sus hojas de vidas en los stands participantes de manera digital, escaneando un c\u00f3digo QR. Para acceder a estas oportunidades de empleo, debes actualizar tu hoja de vida al crear una cuenta gratuita en las p\u00e1ginas web: https:\/\/www.konzerta.com\/signin y https:\/\/empleospanama.gob.pa\/iniciar-sesion\/ e ingresar sus datos que otorgar\u00e1 a los entrevistadores un perfil acorde a los puestos que ofrecen.<\/em><\/strong><\/p>\n<p><strong><em>Dentro de las vacantes que ser\u00e1n ofertadas est\u00e1n: El sector Comercio, Ventas, Atenci\u00f3n al Cliente, el sector de Banca y Finanzas, Administrativos, adem\u00e1s de brindar excelentes oportunidades a los que manejen un nivel del idioma ingl\u00e9s.<\/em><\/strong><\/p>\n<p><strong>El MITRADEL, avanza en alianza estrat\u00e9gica y articulada con el sector productivo del pa\u00eds, comprometidos en lograr la Agenda 2030 con \u00e9nfasis en el Objetivo de Desarrollo Sostenible No.8, que tiene como fin promover el crecimiento econ\u00f3mico, inclusivo y sostenible, el pleno empleo y productivo y el trabajo decente para todos.<\/strong><\/p>\n<p>&nbsp;<\/p>\n<p>Fuente: MITRADEL<\/p>\n","protected":false},"excerpt":{"rendered":"<p>Una ventana de oportunidades en un solo lugar, ofrecer\u00e1 la <a href=\"https:\/\/sertv.gob.pa\/nacionalfm\/estas-en-busca-de-empleo-asiste-a-la-feria-de-empleo-expo-konzerta-los-dias-7-y-8-de-septiembre-en-atlapa\/\"> [&#8230;]<\/a><\/p>\n","protected":false},"author":9,"featured_media":91016,"comment_status":"closed","ping_status":"closed","sticky":false,"template":"","format":"standard","meta":{"footnotes":""},"categories":[2],"tags":[],"class_list":["post-91015","post","type-post","status-publish","format-standard","has-post-thumbnail","hentry","category-nacionales"],"_links":{"self":[{"href":"https:\/\/sertv.gob.pa\/nacionalfm\/wp-json\/wp\/v2\/posts\/91015","targetHints":{"allow":["GET"]}}],"collection":[{"href":"https:\/\/sertv.gob.pa\/nacionalfm\/wp-json\/wp\/v2\/posts"}],"about":[{"href":"https:\/\/sertv.gob.pa\/nacionalfm\/wp-json\/wp\/v2\/types\/post"}],"author":[{"embeddable":true,"href":"https:\/\/sertv.gob.pa\/nacionalfm\/wp-json\/wp\/v2\/users\/9"}],"replies":[{"embeddable":true,"href":"https:\/\/sertv.gob.pa\/nacionalfm\/wp-json\/wp\/v2\/comments?post=91015"}],"version-history":[{"count":1,"href":"https:\/\/sertv.gob.pa\/nacionalfm\/wp-json\/wp\/v2\/posts\/91015\/revisions"}],"predecessor-version":[{"id":91017,"href":"https:\/\/sertv.gob.pa\/nacionalfm\/wp-json\/wp\/v2\/posts\/91015\/revisions\/91017"}],"wp:featuredmedia":[{"embeddable":true,"href":"https:\/\/sertv.gob.pa\/nacionalfm\/wp-json\/wp\/v2\/media\/91016"}],"wp:attachment":[{"href":"https:\/\/sertv.gob.pa\/nacionalfm\/wp-json\/wp\/v2\/media?parent=91015"}],"wp:term":[{"taxonomy":"category","embeddable":true,"href":"https:\/\/sertv.gob.pa\/nacionalfm\/wp-json\/wp\/v2\/categories?post=91015"},{"taxonomy":"post_tag","embeddable":true,"href":"https:\/\/sertv.gob.pa\/nacionalfm\/wp-json\/wp\/v2\/tags?post=91015"}],"curies":[{"name":"wp","href":"https:\/\/api.w.org\/{rel}","templated":true}]}}