{"id":91035,"date":"2023-09-07T18:15:29","date_gmt":"2023-09-07T18:15:29","guid":{"rendered":"https:\/\/sertv.gob.pa\/nacionalfm\/?p=91035"},"modified":"2023-09-07T18:15:29","modified_gmt":"2023-09-07T18:15:29","slug":"las-lluvias-anegan-pueblos-en-grecia-en-un-fenomeno-meteorologico-inedito","status":"publish","type":"post","link":"https:\/\/sertv.gob.pa\/nacionalfm\/las-lluvias-anegan-pueblos-en-grecia-en-un-fenomeno-meteorologico-inedito\/","title":{"rendered":"Las lluvias anegan pueblos en Grecia en un fen\u00f3meno meteorol\u00f3gico \u201cin\u00e9dito\u201d"},"content":{"rendered":"<p><strong><em>Atenas (EFE). \u2013<\/em><\/strong> La tormenta \u201cDaniel\u201d, que ha dejado m\u00e1ximos hist\u00f3ricos de precipitaciones, sigue azotando este jueves Grecia, donde varios pueblos han amanecido totalmente inundados y donde han fallecido ya cuatro personas por las riadas, en un fen\u00f3meno meteorol\u00f3gico que las autoridades califican de \u201cin\u00e9dito\u201d.<\/p>\n<p>El nivel de agua ha alcanzado los techos de las viviendas en los pueblos de Palam\u00e1s y Metamorfosi, en la regi\u00f3n de Karditsa, en Grecia central, as\u00ed como en varias localidades de las contiguas regiones de Trikala y Larisa.<\/p>\n<p>Seg\u00fan las autoridades regionales, cientos de personas se encuentran atrapadas en las terrazas de sus casas o en viviendas de dos plantas a las que acudieron para ponerse a salvo.<\/p>\n<p>\u201cHay gente que est\u00e1 atrapada en sus casas, el nivel de agua ha sobrepasado el metro y medio\u201d, se\u00f1al\u00f3 a la emisora Skai el alcalde de Palam\u00e1s, Yorgos Sakelar\u00edu, quien afirm\u00f3 que \u201cseguro que hay gente que se ha ahogado\u201d.<\/p>\n<p>El regidor critic\u00f3 el retraso en la llegada de ayuda. Apenas este mediod\u00eda empezaron algunas operaciones de rescate con balsas del Ej\u00e9rcito.<\/p>\n<p>&nbsp;<\/p>\n","protected":false},"excerpt":{"rendered":"<p>Atenas (EFE). \u2013 La tormenta \u201cDaniel\u201d, que ha dejado m\u00e1ximos <a href=\"https:\/\/sertv.gob.pa\/nacionalfm\/las-lluvias-anegan-pueblos-en-grecia-en-un-fenomeno-meteorologico-inedito\/\"> [&#8230;]<\/a><\/p>\n","protected":false},"author":9,"featured_media":91036,"comment_status":"closed","ping_status":"closed","sticky":false,"template":"","format":"standard","meta":{"footnotes":""},"categories":[3],"tags":[],"class_list":["post-91035","post","type-post","status-publish","format-standard","has-post-thumbnail","hentry","category-internacionales"],"_links":{"self":[{"href":"https:\/\/sertv.gob.pa\/nacionalfm\/wp-json\/wp\/v2\/posts\/91035","targetHints":{"allow":["GET"]}}],"collection":[{"href":"https:\/\/sertv.gob.pa\/nacionalfm\/wp-json\/wp\/v2\/posts"}],"about":[{"href":"https:\/\/sertv.gob.pa\/nacionalfm\/wp-json\/wp\/v2\/types\/post"}],"author":[{"embeddable":true,"href":"https:\/\/sertv.gob.pa\/nacionalfm\/wp-json\/wp\/v2\/users\/9"}],"replies":[{"embeddable":true,"href":"https:\/\/sertv.gob.pa\/nacionalfm\/wp-json\/wp\/v2\/comments?post=91035"}],"version-history":[{"count":1,"href":"https:\/\/sertv.gob.pa\/nacionalfm\/wp-json\/wp\/v2\/posts\/91035\/revisions"}],"predecessor-version":[{"id":91037,"href":"https:\/\/sertv.gob.pa\/nacionalfm\/wp-json\/wp\/v2\/posts\/91035\/revisions\/91037"}],"wp:featuredmedia":[{"embeddable":true,"href":"https:\/\/sertv.gob.pa\/nacionalfm\/wp-json\/wp\/v2\/media\/91036"}],"wp:attachment":[{"href":"https:\/\/sertv.gob.pa\/nacionalfm\/wp-json\/wp\/v2\/media?parent=91035"}],"wp:term":[{"taxonomy":"category","embeddable":true,"href":"https:\/\/sertv.gob.pa\/nacionalfm\/wp-json\/wp\/v2\/categories?post=91035"},{"taxonomy":"post_tag","embeddable":true,"href":"https:\/\/sertv.gob.pa\/nacionalfm\/wp-json\/wp\/v2\/tags?post=91035"}],"curies":[{"name":"wp","href":"https:\/\/api.w.org\/{rel}","templated":true}]}}