{"id":91038,"date":"2023-09-07T18:35:52","date_gmt":"2023-09-07T18:35:52","guid":{"rendered":"https:\/\/sertv.gob.pa\/nacionalfm\/?p=91038"},"modified":"2023-09-07T18:35:52","modified_gmt":"2023-09-07T18:35:52","slug":"la-justicia-francesa-mantiene-la-prohibicion-de-abayas-en-las-escuelas","status":"publish","type":"post","link":"https:\/\/sertv.gob.pa\/nacionalfm\/la-justicia-francesa-mantiene-la-prohibicion-de-abayas-en-las-escuelas\/","title":{"rendered":"La Justicia francesa mantiene la prohibici\u00f3n de abayas en las escuelas"},"content":{"rendered":"<p><strong><em>Par\u00eds, (EFE).-<\/em><\/strong> El Consejo de Estado, la m\u00e1xima instancia judicial administrativa en Francia, desestim\u00f3 hoy el recurso de una asociaci\u00f3n en favor de los derechos de los musulmanes y valid\u00f3 la decisi\u00f3n del Gobierno de prohibir portar abayas en los establecimientos p\u00fablicos, que entr\u00f3 en vigor este lunes.<\/p>\n<p>La corte consider\u00f3 que la prohibici\u00f3n de esta vestimenta que cubre el cuerpo de las mujeres de la cabeza a los pies \u201cno supone una amenaza grave y manifiestamente ilegal a una libertad fundamental\u201d.<\/p>\n<p>El Consejo de Estado estim\u00f3 que este tipo de atuendo \u201cse inscribe en una l\u00f3gica de afirmaci\u00f3n religiosa\u201d, tal y como sostiene el Gobierno de Emmanuel Macron, que pretende con este tipo de leyes combatir el fanatismo religioso en un pa\u00eds azotado por los atentados yihadistas durante la d\u00e9cada pasada.<\/p>\n<p>Sin embargo, la Acci\u00f3n de los Derechos de los Musulmanes (ADM), la asociaci\u00f3n demandante ante el Consejo de Estado, alega que esta medida aplicada en escuelas primarias y secundarias p\u00fablicas \u201cestigmatiza\u201d a las personas de credo musulm\u00e1n (unos 5 millones en Francia) y \u201crepresenta una amenaza a sus derechos fundamentales en el plano social\u201d.<\/p>\n<p>Poco antes de divulgarse la decisi\u00f3n, el abogado de la ADM, Vincent Brengarth, dijo a EFE que la abaya es un vestido social, no estrictamente religioso, y adelant\u00f3 que en caso de fallo en contra se plantear\u00edan presentar un recurso en el Tribunal Europeo de Derechos Humanos de Estrasburgo.<\/p>\n<p>Desde la entrada en vigor de la norma este lunes 4, el Ejecutivo ha detectado espor\u00e1dicos incumplimientos. Ese mismo d\u00eda, inform\u00f3 que unas 300 alumnas se presentaron en las aulas con abaya, de las que 67 se negaron a desprenderse de ella.<\/p>\n<p>No es la primera ley francesa que tiene como meta restringir vestimentas de connotaci\u00f3n religiosa.<\/p>\n<p>En 2004, empez\u00f3 a proscribirse en las escuelas y liceos p\u00fablicos los vestidos o signos con los que los alumnos \u201cmanifiestan de forma ostensible una pertenencia religiosa\u201d. El objetivo de la ley en ese momento era sobre todo el velo isl\u00e1mico.<\/p>\n<p>El Ejecutivo franc\u00e9s justifica estas medidas en la necesidad de garantizar el laicismo en la educaci\u00f3n p\u00fablica.<\/p>\n","protected":false},"excerpt":{"rendered":"<p>Par\u00eds, (EFE).- El Consejo de Estado, la m\u00e1xima instancia judicial <a href=\"https:\/\/sertv.gob.pa\/nacionalfm\/la-justicia-francesa-mantiene-la-prohibicion-de-abayas-en-las-escuelas\/\"> [&#8230;]<\/a><\/p>\n","protected":false},"author":9,"featured_media":91040,"comment_status":"closed","ping_status":"closed","sticky":false,"template":"","format":"standard","meta":{"footnotes":""},"categories":[3],"tags":[],"class_list":["post-91038","post","type-post","status-publish","format-standard","has-post-thumbnail","hentry","category-internacionales"],"_links":{"self":[{"href":"https:\/\/sertv.gob.pa\/nacionalfm\/wp-json\/wp\/v2\/posts\/91038","targetHints":{"allow":["GET"]}}],"collection":[{"href":"https:\/\/sertv.gob.pa\/nacionalfm\/wp-json\/wp\/v2\/posts"}],"about":[{"href":"https:\/\/sertv.gob.pa\/nacionalfm\/wp-json\/wp\/v2\/types\/post"}],"author":[{"embeddable":true,"href":"https:\/\/sertv.gob.pa\/nacionalfm\/wp-json\/wp\/v2\/users\/9"}],"replies":[{"embeddable":true,"href":"https:\/\/sertv.gob.pa\/nacionalfm\/wp-json\/wp\/v2\/comments?post=91038"}],"version-history":[{"count":1,"href":"https:\/\/sertv.gob.pa\/nacionalfm\/wp-json\/wp\/v2\/posts\/91038\/revisions"}],"predecessor-version":[{"id":91041,"href":"https:\/\/sertv.gob.pa\/nacionalfm\/wp-json\/wp\/v2\/posts\/91038\/revisions\/91041"}],"wp:featuredmedia":[{"embeddable":true,"href":"https:\/\/sertv.gob.pa\/nacionalfm\/wp-json\/wp\/v2\/media\/91040"}],"wp:attachment":[{"href":"https:\/\/sertv.gob.pa\/nacionalfm\/wp-json\/wp\/v2\/media?parent=91038"}],"wp:term":[{"taxonomy":"category","embeddable":true,"href":"https:\/\/sertv.gob.pa\/nacionalfm\/wp-json\/wp\/v2\/categories?post=91038"},{"taxonomy":"post_tag","embeddable":true,"href":"https:\/\/sertv.gob.pa\/nacionalfm\/wp-json\/wp\/v2\/tags?post=91038"}],"curies":[{"name":"wp","href":"https:\/\/api.w.org\/{rel}","templated":true}]}}