{"id":91069,"date":"2023-09-08T17:43:17","date_gmt":"2023-09-08T17:43:17","guid":{"rendered":"https:\/\/sertv.gob.pa\/nacionalfm\/?p=91069"},"modified":"2023-09-08T17:43:17","modified_gmt":"2023-09-08T17:43:17","slug":"elevan-a-42-los-muertos-y-a-25-los-desaparecidos-por-las-inundaciones-en-el-sur-de-brasil","status":"publish","type":"post","link":"https:\/\/sertv.gob.pa\/nacionalfm\/elevan-a-42-los-muertos-y-a-25-los-desaparecidos-por-las-inundaciones-en-el-sur-de-brasil\/","title":{"rendered":"Elevan a 42 los muertos y a 25 los desaparecidos por las inundaciones en el sur de Brasil"},"content":{"rendered":"<p><strong><em>S\u00e3o Paulo, (EFE).-<\/em><\/strong> El n\u00famero de v\u00edctimas mortales causadas por el cicl\u00f3n extratropical que afect\u00f3 desde el pasado fin de semana el sur de Brasil aument\u00f3 a 42, mientras que 25 personas permanecen desaparecidas, seg\u00fan el \u00faltimo bolet\u00edn oficial divulgado este jueves.<\/p>\n<p>La regi\u00f3n m\u00e1s afectada es R\u00edo Grande do Sul, el estado m\u00e1s meridional de Brasil, donde hay 41 fallecidos, cinco m\u00e1s que en la v\u00edspera, mientras que la otra v\u00edctima mortal se registr\u00f3 en la vecina regi\u00f3n de Santa Catarina.<\/p>\n<p>En R\u00edo Grande do Sul, 10.551 personas permanecen desplazadas de sus hogares en los 83 municipios afectados, donde se han registrado inundaciones que han invadido viviendas y destruido varios puentes.<\/p>\n<p>La localidad m\u00e1s afectada es el municipio de Mu\u00e7um, donde se han registrado 15 fallecidos y 9 personas permanecen desaparecidas tras la subida del r\u00edo Taquari, que inund\u00f3 la zona.<\/p>\n<p>En el municipio de Arroio do Meio se reportaron otras 8 personas desaparecidas y en Lajeado, otras 8, seg\u00fan el \u00faltimo balance de Defensa Civil.<\/p>\n<p><strong>Carreteras cortadas<\/strong><\/p>\n<p>Al menos 16 carreteras de la regi\u00f3n tienen cortes parciales o totales, por inundaciones y desperfectos en puentes, mientras que varias localidades siguen incomunicadas.<\/p>\n<p>Del mismo modo, la Marina de Brasil inform\u00f3 de que est\u00e1 colaborando en las tareas de rescate de las personas que subieron a los tejados de sus casas para salvarse de las inundaciones y quedaron varadas.<\/p>\n<p>El gobierno regional declar\u00f3 este jueves el estado de calamidad para lidiar con la que es el mayor desastre natural de la historia del estado.<\/p>\n<p>Defensa Civil ha emitido una nueva alerta por temporales, lluvias intensas, descargas el\u00e9tricas, inundaciones y la eventual ca\u00edda de granizo y rachas de viento fuertes en todo Rio Grande do Sul para este viernes, por el paso de un nuevo frente fr\u00edo.<\/p>\n<p>En junio, R\u00edo Grande do Sul ya se vio afectado por un cicl\u00f3n que dej\u00f3 16 v\u00edctimas en lo que hasta entonces hab\u00eda sido el peor acontecimiento de estas caracter\u00edsticas en la historia del estado.<\/p>\n","protected":false},"excerpt":{"rendered":"<p>S\u00e3o Paulo, (EFE).- El n\u00famero de v\u00edctimas mortales causadas por <a href=\"https:\/\/sertv.gob.pa\/nacionalfm\/elevan-a-42-los-muertos-y-a-25-los-desaparecidos-por-las-inundaciones-en-el-sur-de-brasil\/\"> [&#8230;]<\/a><\/p>\n","protected":false},"author":9,"featured_media":91070,"comment_status":"closed","ping_status":"closed","sticky":false,"template":"","format":"standard","meta":{"footnotes":""},"categories":[3],"tags":[],"class_list":["post-91069","post","type-post","status-publish","format-standard","has-post-thumbnail","hentry","category-internacionales"],"_links":{"self":[{"href":"https:\/\/sertv.gob.pa\/nacionalfm\/wp-json\/wp\/v2\/posts\/91069","targetHints":{"allow":["GET"]}}],"collection":[{"href":"https:\/\/sertv.gob.pa\/nacionalfm\/wp-json\/wp\/v2\/posts"}],"about":[{"href":"https:\/\/sertv.gob.pa\/nacionalfm\/wp-json\/wp\/v2\/types\/post"}],"author":[{"embeddable":true,"href":"https:\/\/sertv.gob.pa\/nacionalfm\/wp-json\/wp\/v2\/users\/9"}],"replies":[{"embeddable":true,"href":"https:\/\/sertv.gob.pa\/nacionalfm\/wp-json\/wp\/v2\/comments?post=91069"}],"version-history":[{"count":1,"href":"https:\/\/sertv.gob.pa\/nacionalfm\/wp-json\/wp\/v2\/posts\/91069\/revisions"}],"predecessor-version":[{"id":91071,"href":"https:\/\/sertv.gob.pa\/nacionalfm\/wp-json\/wp\/v2\/posts\/91069\/revisions\/91071"}],"wp:featuredmedia":[{"embeddable":true,"href":"https:\/\/sertv.gob.pa\/nacionalfm\/wp-json\/wp\/v2\/media\/91070"}],"wp:attachment":[{"href":"https:\/\/sertv.gob.pa\/nacionalfm\/wp-json\/wp\/v2\/media?parent=91069"}],"wp:term":[{"taxonomy":"category","embeddable":true,"href":"https:\/\/sertv.gob.pa\/nacionalfm\/wp-json\/wp\/v2\/categories?post=91069"},{"taxonomy":"post_tag","embeddable":true,"href":"https:\/\/sertv.gob.pa\/nacionalfm\/wp-json\/wp\/v2\/tags?post=91069"}],"curies":[{"name":"wp","href":"https:\/\/api.w.org\/{rel}","templated":true}]}}