{"id":91113,"date":"2023-09-11T18:26:42","date_gmt":"2023-09-11T18:26:42","guid":{"rendered":"https:\/\/sertv.gob.pa\/nacionalfm\/?p=91113"},"modified":"2023-09-11T18:26:42","modified_gmt":"2023-09-11T18:26:42","slug":"la-vicepresidenta-y-el-alcalde-de-nueva-york-presiden-los-actos-de-homenaje-del-11-s","status":"publish","type":"post","link":"https:\/\/sertv.gob.pa\/nacionalfm\/la-vicepresidenta-y-el-alcalde-de-nueva-york-presiden-los-actos-de-homenaje-del-11-s\/","title":{"rendered":"La vicepresidenta y el alcalde de Nueva York presiden los actos de homenaje del 11-S"},"content":{"rendered":"<p><strong><em>Nueva York (EFE).-<\/em><\/strong> La vicepresidenta de Estados Unidos, Kamala Harris, junto al alcalde de Nueva York, Eric Adams, y la gobernadora del estado, Kathy Hochul, presidieron este lunes en la \u201czona cero\u201d de la Gran Manzana los actos de homenaje por el 22 aniversario del 11 de septiembre, el atentado terrorista m\u00e1s grave registrado en la historia del pa\u00eds.<\/p>\n<p>Lo m\u00e1s novedoso este a\u00f1o es que han sido identificadas dos nuevas v\u00edctimas, un hombre y una mujer cuyos nombres no han hecho p\u00fablicos por expreso deseo de las familias, lo que las convierte en las v\u00edctimas n\u00famero 1.948 y 1.649, gracias a tests avanzados de ADN, seg\u00fan anunci\u00f3 el viernes el alcalde Adams, que destac\u00f3 que son las primeras identificaciones tras dos a\u00f1os.<\/p>\n<p>Quedan todav\u00eda alrededor de 1.100 restos humanos por identificar, almacenados en el Museo Memorial Nacional del 11 de Septiembre, situado junto al lugar donde se levantaban las torres.<\/p>\n<p>El m\u00e9dico forense jefe de la ciudad, Jason Graham, record\u00f3 que esta es \u201cla investigaci\u00f3n forense m\u00e1s amplia y compleja de la historia de nuestro pa\u00eds\u201d, pero aun as\u00ed \u201cseguiremos indesmayables en nuestra misi\u00f3n (de identificaci\u00f3n) usando los \u00faltimos avances tecnol\u00f3gicos\u201d.<\/p>\n<p>Aunque este lunes es un d\u00eda laborable normal, varias se\u00f1ales recuerdan en el pa\u00eds aquella fecha que marcar\u00e1 su historia para siempre: banderas a media asta en lugares oficiales, homenajes en cada parque de bomberos, un haz de doble luz en el lugar donde se levantaban las Torres Gemelas y el acto anual de lectura p\u00fablica de todos aquellos que perecieron en aquel atentado m\u00faltiple.<\/p>\n<p>&nbsp;<\/p>\n","protected":false},"excerpt":{"rendered":"<p>Nueva York (EFE).- La vicepresidenta de Estados Unidos, Kamala Harris, <a href=\"https:\/\/sertv.gob.pa\/nacionalfm\/la-vicepresidenta-y-el-alcalde-de-nueva-york-presiden-los-actos-de-homenaje-del-11-s\/\"> [&#8230;]<\/a><\/p>\n","protected":false},"author":9,"featured_media":91114,"comment_status":"closed","ping_status":"closed","sticky":false,"template":"","format":"standard","meta":{"footnotes":""},"categories":[3],"tags":[],"class_list":["post-91113","post","type-post","status-publish","format-standard","has-post-thumbnail","hentry","category-internacionales"],"_links":{"self":[{"href":"https:\/\/sertv.gob.pa\/nacionalfm\/wp-json\/wp\/v2\/posts\/91113","targetHints":{"allow":["GET"]}}],"collection":[{"href":"https:\/\/sertv.gob.pa\/nacionalfm\/wp-json\/wp\/v2\/posts"}],"about":[{"href":"https:\/\/sertv.gob.pa\/nacionalfm\/wp-json\/wp\/v2\/types\/post"}],"author":[{"embeddable":true,"href":"https:\/\/sertv.gob.pa\/nacionalfm\/wp-json\/wp\/v2\/users\/9"}],"replies":[{"embeddable":true,"href":"https:\/\/sertv.gob.pa\/nacionalfm\/wp-json\/wp\/v2\/comments?post=91113"}],"version-history":[{"count":1,"href":"https:\/\/sertv.gob.pa\/nacionalfm\/wp-json\/wp\/v2\/posts\/91113\/revisions"}],"predecessor-version":[{"id":91115,"href":"https:\/\/sertv.gob.pa\/nacionalfm\/wp-json\/wp\/v2\/posts\/91113\/revisions\/91115"}],"wp:featuredmedia":[{"embeddable":true,"href":"https:\/\/sertv.gob.pa\/nacionalfm\/wp-json\/wp\/v2\/media\/91114"}],"wp:attachment":[{"href":"https:\/\/sertv.gob.pa\/nacionalfm\/wp-json\/wp\/v2\/media?parent=91113"}],"wp:term":[{"taxonomy":"category","embeddable":true,"href":"https:\/\/sertv.gob.pa\/nacionalfm\/wp-json\/wp\/v2\/categories?post=91113"},{"taxonomy":"post_tag","embeddable":true,"href":"https:\/\/sertv.gob.pa\/nacionalfm\/wp-json\/wp\/v2\/tags?post=91113"}],"curies":[{"name":"wp","href":"https:\/\/api.w.org\/{rel}","templated":true}]}}