{"id":91170,"date":"2023-09-13T17:17:06","date_gmt":"2023-09-13T17:17:06","guid":{"rendered":"https:\/\/sertv.gob.pa\/nacionalfm\/?p=91170"},"modified":"2023-09-13T17:17:06","modified_gmt":"2023-09-13T17:17:06","slug":"libia-superada-el-paso-del-ciclon-daniel-deja-al-menos-6-872-muertos-y-10-000-desaparecidos","status":"publish","type":"post","link":"https:\/\/sertv.gob.pa\/nacionalfm\/libia-superada-el-paso-del-ciclon-daniel-deja-al-menos-6-872-muertos-y-10-000-desaparecidos\/","title":{"rendered":"Libia, \u201csuperada\u201d: el paso del cicl\u00f3n Daniel deja al menos 6.872 muertos y 10.000 desaparecidos"},"content":{"rendered":"<p><strong><em>Tr\u00edpoli (EFE).-<\/em><\/strong> El cicl\u00f3n Daniel, que atraves\u00f3 este domingo el noreste de Libia, ha provocado \u201cun desastre que supera las capacidades de Libia\u201d y deja al menos 6.872 muertos y m\u00e1s de 10.000 desaparecidos a su paso seg\u00fan las cifras provisionales, declar\u00f3 este mi\u00e9rcoles el jefe del Consejo Presidencial, Mohamed al Manfi.<\/p>\n<p>En un discurso televisado, Al Manfi insisti\u00f3 en la urgencia de ayuda internacional, que comenz\u00f3 a llegar este lunes, y asegur\u00f3 que las autoridades estatales no escatimar\u00e1n esfuerzos para asistir a los damnificados, especialmente en\u00a0<a href=\"https:\/\/efe.com\/mundo\/2023-09-12\/ciclon-libia\/\" target=\"_blank\" rel=\"noopener\"><strong>la ciudad de Derna<\/strong><\/a>, la m\u00e1s afectada.<\/p>\n<p>\u201cHemos contactado con todos los actores y l\u00edderes del este de Libia para coordinar esfuerzos sobre el terreno\u201d, anunci\u00f3 el responsable, quien pidi\u00f3 a la clase pol\u00edtica no sacar r\u00e9dito de esta cat\u00e1strofe, que ha reforzado la solidaridad entre ciudadanos y el rechazo a las diferencias ideol\u00f3gicas.<\/p>\n<p>&nbsp;<\/p>\n<p><strong>Ayuda internacional<\/strong><\/p>\n<p>Actualmente el poder ejecutivo est\u00e1 fragmentado en dos: el Gobierno de Unidad Nacional (GNU) de Abdulhamid Dbeiba, asentado en Tr\u00edpoli (oeste) y reconocido por la comunidad internacional; y el Gobierno respaldado por el Parlamento y ubicado en Benghasi (este) de Osama Hammad.<\/p>\n<p>Las autoridades de ambas partes pidieron este lunes a la comunidad internacional apoyo al extranjero y decretaron tres d\u00edas de luto nacional en todo el territorio.<\/p>\n<p>Adem\u00e1s, el Consejo de Ministros del GUN aprob\u00f3 este martes la asignaci\u00f3n de un presupuesto de 384 millones de euros para el fondo de reconstrucci\u00f3n de Bengasi y Derna y 96 millones de euros destinados a los damnificados, una vez se realice un censo en las \u00e1reas declaradas siniestradas en Derna, Bengasi, Al Bayda, Al Marj y Soussa.<\/p>\n<p>Derna, la cuarta ciudad m\u00e1s grande de Libia con 120.000 habitantes, est\u00e1 rodeada por una cadena monta\u00f1osa, por lo que quedo inaccesible por v\u00eda terrestre tras las lluvias torrenciales del domingo que hicieron colapsar dos presas, vertiendo 33 millones de litros de agua que arrasaron zonas residenciales enteras, puentes y carreteras.<\/p>\n<p>Italia ya se ha movilizado para ayudar a Libia y hoy enviar\u00e1 dos aviones H\u00e9rcules de las Fuerzas A\u00e9reas y un buque de la Marina con equipos de apoyo y material log\u00edstico.<\/p>\n<p>&nbsp;<\/p>\n","protected":false},"excerpt":{"rendered":"<p>Tr\u00edpoli (EFE).- El cicl\u00f3n Daniel, que atraves\u00f3 este domingo el <a href=\"https:\/\/sertv.gob.pa\/nacionalfm\/libia-superada-el-paso-del-ciclon-daniel-deja-al-menos-6-872-muertos-y-10-000-desaparecidos\/\"> [&#8230;]<\/a><\/p>\n","protected":false},"author":9,"featured_media":91171,"comment_status":"closed","ping_status":"closed","sticky":false,"template":"","format":"standard","meta":{"footnotes":""},"categories":[3],"tags":[],"class_list":["post-91170","post","type-post","status-publish","format-standard","has-post-thumbnail","hentry","category-internacionales"],"_links":{"self":[{"href":"https:\/\/sertv.gob.pa\/nacionalfm\/wp-json\/wp\/v2\/posts\/91170","targetHints":{"allow":["GET"]}}],"collection":[{"href":"https:\/\/sertv.gob.pa\/nacionalfm\/wp-json\/wp\/v2\/posts"}],"about":[{"href":"https:\/\/sertv.gob.pa\/nacionalfm\/wp-json\/wp\/v2\/types\/post"}],"author":[{"embeddable":true,"href":"https:\/\/sertv.gob.pa\/nacionalfm\/wp-json\/wp\/v2\/users\/9"}],"replies":[{"embeddable":true,"href":"https:\/\/sertv.gob.pa\/nacionalfm\/wp-json\/wp\/v2\/comments?post=91170"}],"version-history":[{"count":1,"href":"https:\/\/sertv.gob.pa\/nacionalfm\/wp-json\/wp\/v2\/posts\/91170\/revisions"}],"predecessor-version":[{"id":91172,"href":"https:\/\/sertv.gob.pa\/nacionalfm\/wp-json\/wp\/v2\/posts\/91170\/revisions\/91172"}],"wp:featuredmedia":[{"embeddable":true,"href":"https:\/\/sertv.gob.pa\/nacionalfm\/wp-json\/wp\/v2\/media\/91171"}],"wp:attachment":[{"href":"https:\/\/sertv.gob.pa\/nacionalfm\/wp-json\/wp\/v2\/media?parent=91170"}],"wp:term":[{"taxonomy":"category","embeddable":true,"href":"https:\/\/sertv.gob.pa\/nacionalfm\/wp-json\/wp\/v2\/categories?post=91170"},{"taxonomy":"post_tag","embeddable":true,"href":"https:\/\/sertv.gob.pa\/nacionalfm\/wp-json\/wp\/v2\/tags?post=91170"}],"curies":[{"name":"wp","href":"https:\/\/api.w.org\/{rel}","templated":true}]}}