{"id":91204,"date":"2023-09-14T18:06:51","date_gmt":"2023-09-14T18:06:51","guid":{"rendered":"https:\/\/sertv.gob.pa\/nacionalfm\/?p=91204"},"modified":"2023-09-14T18:06:51","modified_gmt":"2023-09-14T18:06:51","slug":"un-nuevo-temblor-de-magnitud-46-sacude-el-atlas-y-se-siente-en-marrakech","status":"publish","type":"post","link":"https:\/\/sertv.gob.pa\/nacionalfm\/un-nuevo-temblor-de-magnitud-46-sacude-el-atlas-y-se-siente-en-marrakech\/","title":{"rendered":"Un nuevo temblor de magnitud 4,6 sacude el Atlas y se siente en Marrakech"},"content":{"rendered":"<p><strong><em>\u00a0<\/em><\/strong><strong><em>Marrakech (Marruecos) (EFE).-<\/em><\/strong> Un temblor de magnitud 4,6, la primera r\u00e9plica que supera los 4,5 desde el terremoto del pasado d\u00eda 8 que dej\u00f3 casi 3.000 muertos, ha sacudido la zona del Atlas afectada a las 6.53 hora local (5.53 hora GMT) y tambi\u00e9n se ha sentido en la ciudad del Marrakech.<\/p>\n<p>Desde el terremoto de magnitud entre 6,8 y 7 registrado el viernes, se han producido multitud de r\u00e9plicas en la zona y algunas se han sentido, como una de 3,9 ayer mi\u00e9rcoles, en la aldea de Imi N\u2019Tal, donde los servicios de rescate llegaron a pedir a los periodistas que abandonaran la zona ante el riesgo de desprendimientos.<\/p>\n<p>Seg\u00fan el Servicio Geol\u00f3gico de los Estados Unidos (USGS, en sus siglas en ingl\u00e9s), el temblor de este jueves ha sido de magnitud 4,6 y se produjo a 9,7 kil\u00f3metros de profundidad cerca Ighil, la misma aldea de las monta\u00f1as del Atlas epicentro del\u00a0<a href=\"https:\/\/efe.com\/portada-espana\/2023-09-12\/numero-muertos-marruecos\/\" target=\"_blank\" rel=\"noopener\"><strong>mortal se\u00edsmo de la semana pasada.<\/strong><\/a><\/p>\n<p>Tambi\u00e9n el Instituto Geogr\u00e1fico Nacional (IGN) de Espa\u00f1a ha confirmado que se trata de la r\u00e9plica m\u00e1s importante registrada desde el terremoto.<\/p>\n<p>&nbsp;<\/p>\n<p><strong><em>Dificultades para las labores de asistencia<\/em><\/strong><\/p>\n<p><strong><em>\u00a0<\/em><\/strong><\/p>\n<p>Las constantes r\u00e9plicas dificultan las tareas de los equipos de emergencia.<\/p>\n<p>Las autoridades marroqu\u00edes y equipos de salvamento de pa\u00edses como Espa\u00f1a o Reino Unido aceleran los labores de rescate y socorro, realojando a los habitantes de los pueblos siniestrados en tiendas, ante las previsiones de lluvia y las continuas r\u00e9plicas s\u00edsmicas.<\/p>\n<p>Los habitantes de muchos de los pueblos damnificados, que tienen m\u00e1s de la mitad de sus casas completamente destrozadas, ya no duermen al aire libre.<\/p>\n<p>En Amizmiz, el Ej\u00e9rcito marroqu\u00ed ha realojado ya a unas 1.000 personas.<\/p>\n<p>Mientras, en los pueblos remotos en las monta\u00f1as, los aldeanos tambi\u00e9n est\u00e1n realojados en tiendas distribuidas por el Ministerio del Interior, y en algunas aldeas ya no quedan cad\u00e1veres bajo de los escombros.<\/p>\n","protected":false},"excerpt":{"rendered":"<p>\u00a0Marrakech (Marruecos) (EFE).- Un temblor de magnitud 4,6, la primera <a href=\"https:\/\/sertv.gob.pa\/nacionalfm\/un-nuevo-temblor-de-magnitud-46-sacude-el-atlas-y-se-siente-en-marrakech\/\"> [&#8230;]<\/a><\/p>\n","protected":false},"author":9,"featured_media":91205,"comment_status":"closed","ping_status":"closed","sticky":false,"template":"","format":"standard","meta":{"footnotes":""},"categories":[3],"tags":[],"class_list":["post-91204","post","type-post","status-publish","format-standard","has-post-thumbnail","hentry","category-internacionales"],"_links":{"self":[{"href":"https:\/\/sertv.gob.pa\/nacionalfm\/wp-json\/wp\/v2\/posts\/91204","targetHints":{"allow":["GET"]}}],"collection":[{"href":"https:\/\/sertv.gob.pa\/nacionalfm\/wp-json\/wp\/v2\/posts"}],"about":[{"href":"https:\/\/sertv.gob.pa\/nacionalfm\/wp-json\/wp\/v2\/types\/post"}],"author":[{"embeddable":true,"href":"https:\/\/sertv.gob.pa\/nacionalfm\/wp-json\/wp\/v2\/users\/9"}],"replies":[{"embeddable":true,"href":"https:\/\/sertv.gob.pa\/nacionalfm\/wp-json\/wp\/v2\/comments?post=91204"}],"version-history":[{"count":1,"href":"https:\/\/sertv.gob.pa\/nacionalfm\/wp-json\/wp\/v2\/posts\/91204\/revisions"}],"predecessor-version":[{"id":91206,"href":"https:\/\/sertv.gob.pa\/nacionalfm\/wp-json\/wp\/v2\/posts\/91204\/revisions\/91206"}],"wp:featuredmedia":[{"embeddable":true,"href":"https:\/\/sertv.gob.pa\/nacionalfm\/wp-json\/wp\/v2\/media\/91205"}],"wp:attachment":[{"href":"https:\/\/sertv.gob.pa\/nacionalfm\/wp-json\/wp\/v2\/media?parent=91204"}],"wp:term":[{"taxonomy":"category","embeddable":true,"href":"https:\/\/sertv.gob.pa\/nacionalfm\/wp-json\/wp\/v2\/categories?post=91204"},{"taxonomy":"post_tag","embeddable":true,"href":"https:\/\/sertv.gob.pa\/nacionalfm\/wp-json\/wp\/v2\/tags?post=91204"}],"curies":[{"name":"wp","href":"https:\/\/api.w.org\/{rel}","templated":true}]}}