{"id":91207,"date":"2023-09-14T18:44:12","date_gmt":"2023-09-14T18:44:12","guid":{"rendered":"https:\/\/sertv.gob.pa\/nacionalfm\/?p=91207"},"modified":"2023-09-14T18:44:12","modified_gmt":"2023-09-14T18:44:12","slug":"republica-dominicana-cerrara-toda-la-frontera-con-haiti-desde-el-viernes","status":"publish","type":"post","link":"https:\/\/sertv.gob.pa\/nacionalfm\/republica-dominicana-cerrara-toda-la-frontera-con-haiti-desde-el-viernes\/","title":{"rendered":"Rep\u00fablica Dominicana cerrar\u00e1 toda la frontera con Hait\u00ed desde el viernes"},"content":{"rendered":"<p><strong><em>Santo Domingo (EFE).- <\/em><\/strong>El presidente dominicano, Luis Abinader, anunci\u00f3 este jueves que la frontera de Rep\u00fablica Dominicana con Hait\u00ed se cerrar\u00e1 por completo a partir de las 06:00 hora local del viernes (10:00 GMT), en respuesta al conflicto surgido por la construcci\u00f3n de un canal de riego en un r\u00edo lim\u00edtrofe.<\/p>\n<p>\u201cMa\u00f1ana viernes toda la frontera de la Rep\u00fablica Dominicana tanto terrestre, mar\u00edtima, como a\u00e9rea estar\u00e1 cerrada\u201d y la intenci\u00f3n del Gobierno es mantenerla as\u00ed \u201cel tiempo que sea necesario para que esa acci\u00f3n, esa provocaci\u00f3n, sea eliminada\u201d, afirm\u00f3 el mandatario al encabezar una entrega de veh\u00edculos militares en Santo Domingo.<\/p>\n<p>El presidente dominicano, ya hab\u00eda avanzado la intenci\u00f3n de blindar toda la frontera con Hait\u00ed, como consecuencia del conflicto generado por la ejecuci\u00f3n, desde el lado haitiano, de un canal de riego en el r\u00edo Masacre, divisi\u00f3n natural entre ambos pa\u00edses, a la altura de Dajab\u00f3n (norte dominicano).<\/p>\n<p>&nbsp;<\/p>\n<p><strong>Conflicto por el canal de riego en r\u00edo lim\u00edtrofe<\/strong><\/p>\n<p>El mi\u00e9rcoles, autoridades de los dos pa\u00edses se reunieron en Santo Domingo para buscar una soluci\u00f3n al conflicto por el canal de riego que, seg\u00fan el primer ministro haitiano, Ariel Henry, es un proyecto privado en el que su Gobierno no tiene nada que ver, como manifest\u00f3 cuando se requiri\u00f3 la paralizaci\u00f3n de los trabajos el primero de septiembre.<\/p>\n<p>Aunque las conversaciones entre ambas partes prosiguen esta jornada, el mandatario dominicano, dio este jueves, las instrucciones pertinentes para la clausura de las fronteras, conforme a las decisiones acordadas en el Consejo Nacional dominicano de Seguridad reunido el lunes pasado para tratar el asunto.<\/p>\n<p>Seg\u00fan Abinader, \u201cel Ministerio de Defensa est\u00e1 preparado\u201d, al igual que \u201cel Ej\u00e9rcito, la Armada y la Fuerza A\u00e9rea para cumplir con esa disposici\u00f3n (del cierre de fronteras). De todas maneras, continuamos con las conversaciones con el Gobierno haitiano\u201d, pese a que \u201ctiene problemas de control en su territorio\u201d, principalmente por la acci\u00f3n de las bandas armadas.<\/p>\n<p>En este sentido, Abinader destac\u00f3 que, \u201csi hay (elementos) incontrolables all\u00e1, ser\u00e1n incontrolables para el Gobierno haitiano, pero no ser\u00e1n incontrolables para el Gobierno de la Rep\u00fablica Dominicana\u201d.<\/p>\n<p>\u201cPor lo tanto, nosotros vamos a seguir con el plan que tenemos (\u2026) Esa insensatez de una construcci\u00f3n totalmente inadecuada sin ning\u00fan tipo de ingenier\u00eda es una provocaci\u00f3n que este Gobierno no va a aceptar\u201d, afirm\u00f3.<\/p>\n<p>Se\u00f1al\u00f3 que los cuerpos de seguridad est\u00e1n preparados desde hace semanas, \u201cno solo por esta situaci\u00f3n\u201d generada por la toma de aguas, sino tambi\u00e9n para \u201capoyar y proteger desde este lado a cualquier fuerza de paz que vaya al pa\u00eds vecino\u201d, inmerso en una crisis en todos los \u00f3rdenes y en una espiral de violencia a manos de las bandas armadas.<\/p>\n<p>De acuerdo con las autoridades de Rep\u00fablica Dominicana, el proyecto de toma de aguas viola el Tratado de Paz y Amistad Perpetua y Arbitraje de 1929, el Acuerdo Fronterizo de 1935 y el Protocolo de Revisi\u00f3n de Frontera de 1936, firmados por ambos pa\u00edses.<\/p>\n<p>Rep\u00fablica Dominicana subraya que los l\u00edmites entre los dos pa\u00edses son \u201cdefinitivos, inamovibles e innegociables\u201d.<\/p>\n<p>&nbsp;<\/p>\n","protected":false},"excerpt":{"rendered":"<p>Santo Domingo (EFE).- El presidente dominicano, Luis Abinader, anunci\u00f3 este <a href=\"https:\/\/sertv.gob.pa\/nacionalfm\/republica-dominicana-cerrara-toda-la-frontera-con-haiti-desde-el-viernes\/\"> [&#8230;]<\/a><\/p>\n","protected":false},"author":9,"featured_media":91208,"comment_status":"closed","ping_status":"closed","sticky":false,"template":"","format":"standard","meta":{"footnotes":""},"categories":[3],"tags":[],"class_list":["post-91207","post","type-post","status-publish","format-standard","has-post-thumbnail","hentry","category-internacionales"],"_links":{"self":[{"href":"https:\/\/sertv.gob.pa\/nacionalfm\/wp-json\/wp\/v2\/posts\/91207","targetHints":{"allow":["GET"]}}],"collection":[{"href":"https:\/\/sertv.gob.pa\/nacionalfm\/wp-json\/wp\/v2\/posts"}],"about":[{"href":"https:\/\/sertv.gob.pa\/nacionalfm\/wp-json\/wp\/v2\/types\/post"}],"author":[{"embeddable":true,"href":"https:\/\/sertv.gob.pa\/nacionalfm\/wp-json\/wp\/v2\/users\/9"}],"replies":[{"embeddable":true,"href":"https:\/\/sertv.gob.pa\/nacionalfm\/wp-json\/wp\/v2\/comments?post=91207"}],"version-history":[{"count":1,"href":"https:\/\/sertv.gob.pa\/nacionalfm\/wp-json\/wp\/v2\/posts\/91207\/revisions"}],"predecessor-version":[{"id":91209,"href":"https:\/\/sertv.gob.pa\/nacionalfm\/wp-json\/wp\/v2\/posts\/91207\/revisions\/91209"}],"wp:featuredmedia":[{"embeddable":true,"href":"https:\/\/sertv.gob.pa\/nacionalfm\/wp-json\/wp\/v2\/media\/91208"}],"wp:attachment":[{"href":"https:\/\/sertv.gob.pa\/nacionalfm\/wp-json\/wp\/v2\/media?parent=91207"}],"wp:term":[{"taxonomy":"category","embeddable":true,"href":"https:\/\/sertv.gob.pa\/nacionalfm\/wp-json\/wp\/v2\/categories?post=91207"},{"taxonomy":"post_tag","embeddable":true,"href":"https:\/\/sertv.gob.pa\/nacionalfm\/wp-json\/wp\/v2\/tags?post=91207"}],"curies":[{"name":"wp","href":"https:\/\/api.w.org\/{rel}","templated":true}]}}