{"id":9121,"date":"2015-12-02T16:16:06","date_gmt":"2015-12-02T16:16:06","guid":{"rendered":""},"modified":"2015-12-02T16:16:06","modified_gmt":"2015-12-02T16:16:06","slug":"el-virus-del-zika-causa-microcefalia-en-recien-nacidos","status":"publish","type":"post","link":"https:\/\/sertv.gob.pa\/nacionalfm\/el-virus-del-zika-causa-microcefalia-en-recien-nacidos\/","title":{"rendered":"El virus del zika causa microcefalia en reci\u00e9n nacidos"},"content":{"rendered":"<p>\nEl Ministerio de Salud de Brasil confirm\u00f3 que el  virus  del  zika , que se ha propagado por gran parte de  Am\u00e9rica Latina , causa microcefalia en los reci\u00e9n nacidos. <\/p>\n<p>Desde el pasado julio se ha detectado al menos 520 casos de beb\u00e9s nacidos con microcefalia en  Brasil , n\u00famero que quintuplica las estad\u00edsticas habituales para todo el a\u00f1o. <\/p>\n<p>Un examen de laboratorio en un beb\u00e9 con microcefalia y otras enfermedades cong\u00e9nitas, efectuado en el Instituto Evandro Chagas, un laboratorio de referencia en enfermedades tropicales, ubicado en Bel\u00e9n (estado de Par\u00e1, norte), confirm\u00f3 que ten\u00eda el virus del zika. <\/p>\n<p>El beb\u00e9, nacido en el estado de Cear\u00e1 (noreste), muri\u00f3, con lo que ya son tres las muertes confirmadas por el zika en el pa\u00eds, despu\u00e9s de un hombre que padec\u00eda lupus y que viv\u00eda en So Lu\u00eds (Maranho, noreste) y una joven de 16 a\u00f1os que resid\u00eda en Benevides (Par\u00e1). <\/p>\n<p>\u00abEsta es una situaci\u00f3n in\u00e9dita en la investigaci\u00f3n cient\u00edfica mundial\u00bb, afirm\u00f3 el Ministerio de Salud en un comunicado, en el que asegur\u00f3 que los trabajos deben continuar para aclarar cuestiones como la transmisi\u00f3n del virus, su actuaci\u00f3n en el organismo humano y c\u00f3mo se da la infecci\u00f3n del feto. <\/p>\n<p> Los an\u00e1lisis iniciales sugieren que el mayor riesgo de contagio se produce en los tres primeros meses del embarazo , seg\u00fan la misma fuente. <\/p>\n<p>El Ministerio reforz\u00f3 su llamamiento para que se produzca una \u00abmovilizaci\u00f3n nacional\u00bb para contener al mosquito transmisor, el Aedes aegypti, que es responsable por la diseminaci\u00f3n del  dengue , del zika y la chikungunya. <\/p>\n<p>\u00a0 <\/p>\n","protected":false},"excerpt":{"rendered":"<p>El Ministerio de Salud de Brasil confirm\u00f3 que el virus <a href=\"https:\/\/sertv.gob.pa\/nacionalfm\/el-virus-del-zika-causa-microcefalia-en-recien-nacidos\/\"> [&#8230;]<\/a><\/p>\n","protected":false},"author":1,"featured_media":9122,"comment_status":"closed","ping_status":"closed","sticky":false,"template":"","format":"standard","meta":{"footnotes":""},"categories":[5],"tags":[],"class_list":["post-9121","post","type-post","status-publish","format-standard","has-post-thumbnail","hentry","category-salud"],"_links":{"self":[{"href":"https:\/\/sertv.gob.pa\/nacionalfm\/wp-json\/wp\/v2\/posts\/9121","targetHints":{"allow":["GET"]}}],"collection":[{"href":"https:\/\/sertv.gob.pa\/nacionalfm\/wp-json\/wp\/v2\/posts"}],"about":[{"href":"https:\/\/sertv.gob.pa\/nacionalfm\/wp-json\/wp\/v2\/types\/post"}],"author":[{"embeddable":true,"href":"https:\/\/sertv.gob.pa\/nacionalfm\/wp-json\/wp\/v2\/users\/1"}],"replies":[{"embeddable":true,"href":"https:\/\/sertv.gob.pa\/nacionalfm\/wp-json\/wp\/v2\/comments?post=9121"}],"version-history":[{"count":0,"href":"https:\/\/sertv.gob.pa\/nacionalfm\/wp-json\/wp\/v2\/posts\/9121\/revisions"}],"wp:featuredmedia":[{"embeddable":true,"href":"https:\/\/sertv.gob.pa\/nacionalfm\/wp-json\/wp\/v2\/media\/9122"}],"wp:attachment":[{"href":"https:\/\/sertv.gob.pa\/nacionalfm\/wp-json\/wp\/v2\/media?parent=9121"}],"wp:term":[{"taxonomy":"category","embeddable":true,"href":"https:\/\/sertv.gob.pa\/nacionalfm\/wp-json\/wp\/v2\/categories?post=9121"},{"taxonomy":"post_tag","embeddable":true,"href":"https:\/\/sertv.gob.pa\/nacionalfm\/wp-json\/wp\/v2\/tags?post=9121"}],"curies":[{"name":"wp","href":"https:\/\/api.w.org\/{rel}","templated":true}]}}