{"id":91271,"date":"2023-09-18T18:30:48","date_gmt":"2023-09-18T18:30:48","guid":{"rendered":"https:\/\/sertv.gob.pa\/nacionalfm\/?p=91271"},"modified":"2023-09-18T18:30:48","modified_gmt":"2023-09-18T18:30:48","slug":"mueren-cinco-miembros-de-un-equipo-de-rescate-griego-en-accidente-de-trafico-hacia-derna","status":"publish","type":"post","link":"https:\/\/sertv.gob.pa\/nacionalfm\/mueren-cinco-miembros-de-un-equipo-de-rescate-griego-en-accidente-de-trafico-hacia-derna\/","title":{"rendered":"Mueren cinco miembros de un equipo de rescate griego en accidente de tr\u00e1fico hacia Derna"},"content":{"rendered":"<p><strong><em>Tr\u00edpoli, (EFE).-<\/em><\/strong> Cinco miembros de un equipo de rescate griego, incluidos tres oficiales del Ej\u00e9rcito, fallecieron en un accidente de tr\u00e1fico cuando se dirig\u00edan a la ciudad libia de Derna (este).<\/p>\n<p>El veh\u00edculo, que hab\u00eda salido de la ciudad de Bengasi -a 300 kil\u00f3metros de la ciudad siniestrada- y en el que viajaban 19 personas, colision\u00f3 con un coche en el que viajaba una familia libia, tres miembros de esta perdieron la vida y dos resultaron gravemente heridos.<\/p>\n<p>El ministro griego de Defensa, Nikos Dendias, citado por la agencia de noticias libia LANA, revel\u00f3 que las v\u00edctimas, entre las que se encontraban dos civiles, traductores del Ministerio de Exteriores, ser\u00e1n repatriados este lunes a su pa\u00eds, donde declar\u00f3 tres d\u00edas de luto nacional en las Fuerzas Armadas.<\/p>\n","protected":false},"excerpt":{"rendered":"<p>Tr\u00edpoli, (EFE).- Cinco miembros de un equipo de rescate griego, <a href=\"https:\/\/sertv.gob.pa\/nacionalfm\/mueren-cinco-miembros-de-un-equipo-de-rescate-griego-en-accidente-de-trafico-hacia-derna\/\"> [&#8230;]<\/a><\/p>\n","protected":false},"author":9,"featured_media":91272,"comment_status":"closed","ping_status":"closed","sticky":false,"template":"","format":"standard","meta":{"footnotes":""},"categories":[3],"tags":[],"class_list":["post-91271","post","type-post","status-publish","format-standard","has-post-thumbnail","hentry","category-internacionales"],"_links":{"self":[{"href":"https:\/\/sertv.gob.pa\/nacionalfm\/wp-json\/wp\/v2\/posts\/91271","targetHints":{"allow":["GET"]}}],"collection":[{"href":"https:\/\/sertv.gob.pa\/nacionalfm\/wp-json\/wp\/v2\/posts"}],"about":[{"href":"https:\/\/sertv.gob.pa\/nacionalfm\/wp-json\/wp\/v2\/types\/post"}],"author":[{"embeddable":true,"href":"https:\/\/sertv.gob.pa\/nacionalfm\/wp-json\/wp\/v2\/users\/9"}],"replies":[{"embeddable":true,"href":"https:\/\/sertv.gob.pa\/nacionalfm\/wp-json\/wp\/v2\/comments?post=91271"}],"version-history":[{"count":1,"href":"https:\/\/sertv.gob.pa\/nacionalfm\/wp-json\/wp\/v2\/posts\/91271\/revisions"}],"predecessor-version":[{"id":91273,"href":"https:\/\/sertv.gob.pa\/nacionalfm\/wp-json\/wp\/v2\/posts\/91271\/revisions\/91273"}],"wp:featuredmedia":[{"embeddable":true,"href":"https:\/\/sertv.gob.pa\/nacionalfm\/wp-json\/wp\/v2\/media\/91272"}],"wp:attachment":[{"href":"https:\/\/sertv.gob.pa\/nacionalfm\/wp-json\/wp\/v2\/media?parent=91271"}],"wp:term":[{"taxonomy":"category","embeddable":true,"href":"https:\/\/sertv.gob.pa\/nacionalfm\/wp-json\/wp\/v2\/categories?post=91271"},{"taxonomy":"post_tag","embeddable":true,"href":"https:\/\/sertv.gob.pa\/nacionalfm\/wp-json\/wp\/v2\/tags?post=91271"}],"curies":[{"name":"wp","href":"https:\/\/api.w.org\/{rel}","templated":true}]}}